{"id":1019,"date":"2020-05-05T10:34:41","date_gmt":"2020-05-05T08:34:41","guid":{"rendered":"https:\/\/www.bismarckschule-servatiusschule.de\/?p=1019"},"modified":"2020-05-05T10:34:43","modified_gmt":"2020-05-05T08:34:43","slug":"fleissige-haende-fuer-die-gemeinschaft","status":"publish","type":"post","link":"https:\/\/www.bismarckschule-servatiusschule.de\/index.php\/2020\/05\/05\/fleissige-haende-fuer-die-gemeinschaft\/","title":{"rendered":"Flei\u00dfige H\u00e4nde f\u00fcr die Gemeinschaft"},"content":{"rendered":"\n<div class=\"wp-block-image\"><figure class=\"alignright size-large is-resized\"><img loading=\"lazy\" decoding=\"async\" src=\"https:\/\/www.bismarckschule-servatiusschule.de\/wp-content\/uploads\/2020\/05\/Masken1-497x1024.jpg\" alt=\"\" class=\"wp-image-1022\" width=\"142\" height=\"293\" srcset=\"https:\/\/www.bismarckschule-servatiusschule.de\/wp-content\/uploads\/2020\/05\/Masken1-497x1024.jpg 497w, https:\/\/www.bismarckschule-servatiusschule.de\/wp-content\/uploads\/2020\/05\/Masken1-146x300.jpg 146w, https:\/\/www.bismarckschule-servatiusschule.de\/wp-content\/uploads\/2020\/05\/Masken1.jpg 600w\" sizes=\"auto, (max-width: 142px) 100vw, 142px\" \/><figcaption>selbstgen\u00e4hte Masken f\u00fcr Kinder und Lehrkr\u00e4fte<\/figcaption><\/figure><\/div>\n\n\n\n<p>Viele unserer Schuleltern und -gro\u00dfeltern wachsen zurzeit \u00fcber sich hinaus. Sie erf\u00fcllen die Anforderungen ihres Berufs zuhause, sind gleichzeitig Hauslehrkraft, halten den Haushalt in Schwung, kochen, k\u00fcmmern sich um den Einkauf und vieles mehr. Und ganz nebenbei n\u00e4hen sie noch unz\u00e4hlige, liebevoll gestaltete Schutzmasken f\u00fcr alle Schulkinder. Auch Salome und Johanna, beide selbst Sch\u00fclerinnen unserer Schule, haben f\u00fcr Ihre Mitsch\u00fclerinnen und Mitsch\u00fcler Gesichtsmasken gen\u00e4ht.\u00a0 Das Engagement ist r\u00fchrend. Vielen lieben Dank f\u00fcr Ihren Einsatz!! Wir haben inzwischen nahezu f\u00fcr jedes Kind eine Schutzmaske und sind voller Dank daf\u00fcr! Jetzt hoffen wir Lehrkr\u00e4fte unserer Schule, alle Schulkinder bald gesund und frohen Mutes wiederzusehen! Bis dahin w\u00fcnschen wir Ihnen und euch alles Gute! <\/p>\n\n\n\n<p>Ihr Bismarck- \/Servatiusteam<\/p>\n\n\n\n<figure class=\"wp-block-image size-large is-style-circle-mask\"><img loading=\"lazy\" decoding=\"async\" width=\"1024\" height=\"497\" src=\"https:\/\/www.bismarckschule-servatiusschule.de\/wp-content\/uploads\/2020\/05\/Masken2-1024x497.jpg\" alt=\"\" class=\"wp-image-1023\" srcset=\"https:\/\/www.bismarckschule-servatiusschule.de\/wp-content\/uploads\/2020\/05\/Masken2-1024x497.jpg 1024w, https:\/\/www.bismarckschule-servatiusschule.de\/wp-content\/uploads\/2020\/05\/Masken2-300x146.jpg 300w, https:\/\/www.bismarckschule-servatiusschule.de\/wp-content\/uploads\/2020\/05\/Masken2-768x373.jpg 768w, https:\/\/www.bismarckschule-servatiusschule.de\/wp-content\/uploads\/2020\/05\/Masken2.jpg 1235w\" sizes=\"auto, (max-width: 1024px) 100vw, 1024px\" \/><\/figure>\n","protected":false},"excerpt":{"rendered":"<p>Viele unserer Schuleltern und -gro\u00dfeltern wachsen zurzeit \u00fcber sich hinaus. Sie erf\u00fcllen die Anforderungen ihres Berufs zuhause, sind gleichzeitig Hauslehrkraft, halten den Haushalt in Schwung, kochen, k\u00fcmmern sich um den Einkauf und vieles mehr. Und ganz nebenbei n\u00e4hen sie noch unz\u00e4hlige, liebevoll gestaltete Schutzmasken f\u00fcr alle Schulkinder. Auch Salome und Johanna, beide selbst Sch\u00fclerinnen unserer [&hellip;]<\/p>\n","protected":false},"author":3,"featured_media":0,"comment_status":"closed","ping_status":"open","sticky":false,"template":"","format":"standard","meta":{"footnotes":""},"categories":[1],"tags":[],"class_list":["post-1019","post","type-post","status-publish","format-standard","hentry","category-allgemein"],"_links":{"self":[{"href":"https:\/\/www.bismarckschule-servatiusschule.de\/index.php\/wp-json\/wp\/v2\/posts\/1019","targetHints":{"allow":["GET"]}}],"collection":[{"href":"https:\/\/www.bismarckschule-servatiusschule.de\/index.php\/wp-json\/wp\/v2\/posts"}],"about":[{"href":"https:\/\/www.bismarckschule-servatiusschule.de\/index.php\/wp-json\/wp\/v2\/types\/post"}],"author":[{"embeddable":true,"href":"https:\/\/www.bismarckschule-servatiusschule.de\/index.php\/wp-json\/wp\/v2\/users\/3"}],"replies":[{"embeddable":true,"href":"https:\/\/www.bismarckschule-servatiusschule.de\/index.php\/wp-json\/wp\/v2\/comments?post=1019"}],"version-history":[{"count":1,"href":"https:\/\/www.bismarckschule-servatiusschule.de\/index.php\/wp-json\/wp\/v2\/posts\/1019\/revisions"}],"predecessor-version":[{"id":1024,"href":"https:\/\/www.bismarckschule-servatiusschule.de\/index.php\/wp-json\/wp\/v2\/posts\/1019\/revisions\/1024"}],"wp:attachment":[{"href":"https:\/\/www.bismarckschule-servatiusschule.de\/index.php\/wp-json\/wp\/v2\/media?parent=1019"}],"wp:term":[{"taxonomy":"category","embeddable":true,"href":"https:\/\/www.bismarckschule-servatiusschule.de\/index.php\/wp-json\/wp\/v2\/categories?post=1019"},{"taxonomy":"post_tag","embeddable":true,"href":"https:\/\/www.bismarckschule-servatiusschule.de\/index.php\/wp-json\/wp\/v2\/tags?post=1019"}],"curies":[{"name":"wp","href":"https:\/\/api.w.org\/{rel}","templated":true}]}}