{"id":1071,"date":"2020-08-21T11:11:45","date_gmt":"2020-08-21T09:11:45","guid":{"rendered":"https:\/\/www.bismarckschule-servatiusschule.de\/?p=1071"},"modified":"2020-08-21T11:15:47","modified_gmt":"2020-08-21T09:15:47","slug":"einschulung-mit-tierischer-unterstuetzung","status":"publish","type":"post","link":"https:\/\/www.bismarckschule-servatiusschule.de\/index.php\/2020\/08\/21\/einschulung-mit-tierischer-unterstuetzung\/","title":{"rendered":"Einschulung mit tierischer Unterst\u00fctzung"},"content":{"rendered":"\n<p>F\u00fcr 75 Schulanf\u00e4nger begann in der Bismarckschule mit Teilstandort Servatiusschule der Ernst des Lebens. Trotz Corona haben wir versucht, diesen Tag f\u00fcr unsere Erstkl\u00e4ssler sch\u00f6n zu gestalten. Dabei unterst\u00fctzten uns Pferdinand und Hotteh\u00fc. So kam es doch an beiden Standorten zu einer gelungenen Veranstaltung mit fr\u00f6hlichen Kindergesichtern.<\/p>\n\n\n\n<div class=\"wp-block-image\"><figure class=\"alignright size-large is-resized\"><img loading=\"lazy\" decoding=\"async\" src=\"https:\/\/www.bismarckschule-servatiusschule.de\/wp-content\/uploads\/2020\/08\/20200811_155830-1024x498.jpg\" alt=\"\" class=\"wp-image-1080\" width=\"302\" height=\"145\"\/><figcaption>Auch f\u00fcr die beiden war es ein gelungener Schulstart<\/figcaption><\/figure><\/div>\n\n\n\n<figure class=\"wp-block-image size-large is-resized\"><img loading=\"lazy\" decoding=\"async\" src=\"https:\/\/www.bismarckschule-servatiusschule.de\/wp-content\/uploads\/2020\/08\/P1120343-1024x768.jpg\" alt=\"\" class=\"wp-image-1078\" width=\"229\" height=\"172\" srcset=\"https:\/\/www.bismarckschule-servatiusschule.de\/wp-content\/uploads\/2020\/08\/P1120343-1024x768.jpg 1024w, https:\/\/www.bismarckschule-servatiusschule.de\/wp-content\/uploads\/2020\/08\/P1120343-300x225.jpg 300w, https:\/\/www.bismarckschule-servatiusschule.de\/wp-content\/uploads\/2020\/08\/P1120343-768x576.jpg 768w, https:\/\/www.bismarckschule-servatiusschule.de\/wp-content\/uploads\/2020\/08\/P1120343-1536x1152.jpg 1536w, https:\/\/www.bismarckschule-servatiusschule.de\/wp-content\/uploads\/2020\/08\/P1120343-2048x1536.jpg 2048w, https:\/\/www.bismarckschule-servatiusschule.de\/wp-content\/uploads\/2020\/08\/P1120343-320x240.jpg 320w\" sizes=\"auto, (max-width: 229px) 100vw, 229px\" \/><figcaption>Hotteh\u00fc wird eingeschult<\/figcaption><\/figure>\n","protected":false},"excerpt":{"rendered":"<p>F\u00fcr 75 Schulanf\u00e4nger begann in der Bismarckschule mit Teilstandort Servatiusschule der Ernst des Lebens. Trotz Corona haben wir versucht, diesen Tag f\u00fcr unsere Erstkl\u00e4ssler sch\u00f6n zu gestalten. Dabei unterst\u00fctzten uns Pferdinand und Hotteh\u00fc. So kam es doch an beiden Standorten zu einer gelungenen Veranstaltung mit fr\u00f6hlichen Kindergesichtern.<\/p>\n","protected":false},"author":3,"featured_media":0,"comment_status":"closed","ping_status":"open","sticky":false,"template":"","format":"standard","meta":{"footnotes":""},"categories":[1],"tags":[],"class_list":["post-1071","post","type-post","status-publish","format-standard","hentry","category-allgemein"],"_links":{"self":[{"href":"https:\/\/www.bismarckschule-servatiusschule.de\/index.php\/wp-json\/wp\/v2\/posts\/1071","targetHints":{"allow":["GET"]}}],"collection":[{"href":"https:\/\/www.bismarckschule-servatiusschule.de\/index.php\/wp-json\/wp\/v2\/posts"}],"about":[{"href":"https:\/\/www.bismarckschule-servatiusschule.de\/index.php\/wp-json\/wp\/v2\/types\/post"}],"author":[{"embeddable":true,"href":"https:\/\/www.bismarckschule-servatiusschule.de\/index.php\/wp-json\/wp\/v2\/users\/3"}],"replies":[{"embeddable":true,"href":"https:\/\/www.bismarckschule-servatiusschule.de\/index.php\/wp-json\/wp\/v2\/comments?post=1071"}],"version-history":[{"count":3,"href":"https:\/\/www.bismarckschule-servatiusschule.de\/index.php\/wp-json\/wp\/v2\/posts\/1071\/revisions"}],"predecessor-version":[{"id":1081,"href":"https:\/\/www.bismarckschule-servatiusschule.de\/index.php\/wp-json\/wp\/v2\/posts\/1071\/revisions\/1081"}],"wp:attachment":[{"href":"https:\/\/www.bismarckschule-servatiusschule.de\/index.php\/wp-json\/wp\/v2\/media?parent=1071"}],"wp:term":[{"taxonomy":"category","embeddable":true,"href":"https:\/\/www.bismarckschule-servatiusschule.de\/index.php\/wp-json\/wp\/v2\/categories?post=1071"},{"taxonomy":"post_tag","embeddable":true,"href":"https:\/\/www.bismarckschule-servatiusschule.de\/index.php\/wp-json\/wp\/v2\/tags?post=1071"}],"curies":[{"name":"wp","href":"https:\/\/api.w.org\/{rel}","templated":true}]}}