{"id":1401,"date":"2021-08-30T12:08:06","date_gmt":"2021-08-30T10:08:06","guid":{"rendered":"https:\/\/www.bismarckschule-servatiusschule.de\/?p=1401"},"modified":"2021-08-30T12:08:07","modified_gmt":"2021-08-30T10:08:07","slug":"einschulung-2021-22","status":"publish","type":"post","link":"https:\/\/www.bismarckschule-servatiusschule.de\/index.php\/2021\/08\/30\/einschulung-2021-22\/","title":{"rendered":"Einschulung 2021\/22"},"content":{"rendered":"\n<p>Unsere Einschulungsfeiern waren trotz Corona an beiden Standorten fr\u00f6hliche Ereignisse.<\/p>\n\n\n\n<p>Tats\u00e4chlich gab es ein kleines, buntes Programm f\u00fcr unsere neuen Schulkinder.<\/p>\n\n\n\n<p>Wir w\u00fcnschen allen Erstkl\u00e4sslern &#8211; nat\u00fcrlich auch den gro\u00dfen Kindern an unserer Schule- einen wunderbaren Start in das neue Schuljahr!!<\/p>\n\n\n\n<p>Wir freuen uns sehr, dass ihr da seid! \ud83d\ude42<\/p>\n\n\n\n<div class=\"wp-block-columns is-layout-flex wp-container-core-columns-is-layout-9d6595d7 wp-block-columns-is-layout-flex\">\n<div class=\"wp-block-column is-layout-flow wp-block-column-is-layout-flow\" style=\"flex-basis:100%\">\n<div class=\"wp-block-group\"><div class=\"wp-block-group__inner-container is-layout-flow wp-block-group-is-layout-flow\">\n<div class=\"wp-block-image is-style-rounded\"><figure class=\"alignright size-large is-resized\"><a href=\"https:\/\/www.bismarckschule-servatiusschule.de\/wp-content\/uploads\/2021\/08\/Einschulung-2021-22-9965.jpg\"><img loading=\"lazy\" decoding=\"async\" src=\"https:\/\/www.bismarckschule-servatiusschule.de\/wp-content\/uploads\/2021\/08\/Einschulung-2021-22-9965.jpg\" alt=\"\" class=\"wp-image-1404\" width=\"179\" height=\"229\" srcset=\"https:\/\/www.bismarckschule-servatiusschule.de\/wp-content\/uploads\/2021\/08\/Einschulung-2021-22-9965.jpg 600w, https:\/\/www.bismarckschule-servatiusschule.de\/wp-content\/uploads\/2021\/08\/Einschulung-2021-22-9965-234x300.jpg 234w\" sizes=\"auto, (max-width: 179px) 100vw, 179px\" \/><\/a><\/figure><\/div>\n\n\n\n<figure class=\"wp-block-image size-large is-resized is-style-rounded\"><a href=\"https:\/\/www.bismarckschule-servatiusschule.de\/wp-content\/uploads\/2021\/08\/PHOTO-2021-08-19-12-17-21.jpg\"><img loading=\"lazy\" decoding=\"async\" src=\"https:\/\/www.bismarckschule-servatiusschule.de\/wp-content\/uploads\/2021\/08\/PHOTO-2021-08-19-12-17-21.jpg\" alt=\"\" class=\"wp-image-1405\" width=\"310\" height=\"233\" srcset=\"https:\/\/www.bismarckschule-servatiusschule.de\/wp-content\/uploads\/2021\/08\/PHOTO-2021-08-19-12-17-21.jpg 800w, https:\/\/www.bismarckschule-servatiusschule.de\/wp-content\/uploads\/2021\/08\/PHOTO-2021-08-19-12-17-21-300x225.jpg 300w, https:\/\/www.bismarckschule-servatiusschule.de\/wp-content\/uploads\/2021\/08\/PHOTO-2021-08-19-12-17-21-768x576.jpg 768w, https:\/\/www.bismarckschule-servatiusschule.de\/wp-content\/uploads\/2021\/08\/PHOTO-2021-08-19-12-17-21-320x240.jpg 320w\" sizes=\"auto, (max-width: 310px) 100vw, 310px\" \/><\/a><figcaption><br>Ein buntes Programm wurde von Schulkindern aus den oberen Klassen gestaltet.<\/figcaption><\/figure>\n<\/div><\/div>\n<\/div>\n<\/div>\n\n\n\n<div class=\"wp-block-image\"><figure class=\"aligncenter size-large is-resized\"><a href=\"https:\/\/www.bismarckschule-servatiusschule.de\/wp-content\/uploads\/2021\/08\/Einschulung-2021-22-9982.jpg\"><img loading=\"lazy\" decoding=\"async\" src=\"https:\/\/www.bismarckschule-servatiusschule.de\/wp-content\/uploads\/2021\/08\/Einschulung-2021-22-9982.jpg\" alt=\"\" class=\"wp-image-1406\" width=\"217\" height=\"370\" srcset=\"https:\/\/www.bismarckschule-servatiusschule.de\/wp-content\/uploads\/2021\/08\/Einschulung-2021-22-9982.jpg 600w, https:\/\/www.bismarckschule-servatiusschule.de\/wp-content\/uploads\/2021\/08\/Einschulung-2021-22-9982-176x300.jpg 176w\" sizes=\"auto, (max-width: 217px) 100vw, 217px\" \/><\/a><figcaption>Die neue OGS-Leitung an der Bismarckschule, Frau Br\u00fcnjes, stellte sich den Eltern der Erstkl\u00e4ssler vor.<\/figcaption><\/figure><\/div>\n","protected":false},"excerpt":{"rendered":"<p>Unsere Einschulungsfeiern waren trotz Corona an beiden Standorten fr\u00f6hliche Ereignisse. Tats\u00e4chlich gab es ein kleines, buntes Programm f\u00fcr unsere neuen Schulkinder. Wir w\u00fcnschen allen Erstkl\u00e4sslern &#8211; nat\u00fcrlich auch den gro\u00dfen Kindern an unserer Schule- einen wunderbaren Start in das neue Schuljahr!! Wir freuen uns sehr, dass ihr da seid! \ud83d\ude42<\/p>\n","protected":false},"author":3,"featured_media":0,"comment_status":"closed","ping_status":"open","sticky":false,"template":"","format":"standard","meta":{"footnotes":""},"categories":[1],"tags":[],"class_list":["post-1401","post","type-post","status-publish","format-standard","hentry","category-allgemein"],"_links":{"self":[{"href":"https:\/\/www.bismarckschule-servatiusschule.de\/index.php\/wp-json\/wp\/v2\/posts\/1401","targetHints":{"allow":["GET"]}}],"collection":[{"href":"https:\/\/www.bismarckschule-servatiusschule.de\/index.php\/wp-json\/wp\/v2\/posts"}],"about":[{"href":"https:\/\/www.bismarckschule-servatiusschule.de\/index.php\/wp-json\/wp\/v2\/types\/post"}],"author":[{"embeddable":true,"href":"https:\/\/www.bismarckschule-servatiusschule.de\/index.php\/wp-json\/wp\/v2\/users\/3"}],"replies":[{"embeddable":true,"href":"https:\/\/www.bismarckschule-servatiusschule.de\/index.php\/wp-json\/wp\/v2\/comments?post=1401"}],"version-history":[{"count":1,"href":"https:\/\/www.bismarckschule-servatiusschule.de\/index.php\/wp-json\/wp\/v2\/posts\/1401\/revisions"}],"predecessor-version":[{"id":1407,"href":"https:\/\/www.bismarckschule-servatiusschule.de\/index.php\/wp-json\/wp\/v2\/posts\/1401\/revisions\/1407"}],"wp:attachment":[{"href":"https:\/\/www.bismarckschule-servatiusschule.de\/index.php\/wp-json\/wp\/v2\/media?parent=1401"}],"wp:term":[{"taxonomy":"category","embeddable":true,"href":"https:\/\/www.bismarckschule-servatiusschule.de\/index.php\/wp-json\/wp\/v2\/categories?post=1401"},{"taxonomy":"post_tag","embeddable":true,"href":"https:\/\/www.bismarckschule-servatiusschule.de\/index.php\/wp-json\/wp\/v2\/tags?post=1401"}],"curies":[{"name":"wp","href":"https:\/\/api.w.org\/{rel}","templated":true}]}}