{"id":152,"date":"2015-09-10T12:28:35","date_gmt":"2015-09-10T10:28:35","guid":{"rendered":"http:\/\/bismarck.reppel.eu\/?p=152"},"modified":"2022-11-16T21:18:37","modified_gmt":"2022-11-16T20:18:37","slug":"schulgarten-eingeweiht","status":"publish","type":"post","link":"https:\/\/www.bismarckschule-servatiusschule.de\/index.php\/2015\/09\/10\/schulgarten-eingeweiht\/","title":{"rendered":"Schulgarten der Servatiusschule eingeweiht"},"content":{"rendered":"<p>Im Beisein von Horst Becker, den Herren Hedfeld und Heveling von der ALLIANZ sowie Kindern der 4. Klasse mit ihrer Klassenlehrerin Stefanie Fischer wurde der Garten eingeweiht.<\/p>\n<p>Mit Freude und gro\u00dfem Einsatz machten sich die Kinder an erste g\u00e4rtnerische Aktionen. Gespannt warten sie nun auf das Ernten der Fr\u00fcchte; die Produkte sollen vorwiegend den Sch\u00fclern und Sch\u00fclerinnen der Servatiusschule zugute kommen.<\/p>\n<p>Das ALLIANZ-Versicherungsb\u00fcro in Kierspe-R\u00f6nsahl hat die ersten Kosten f\u00fcr Beete und Pflanzen \u00fcbernommen. Daf\u00fcr herzlichen Dank!<\/p>\n<figure id=\"attachment_276\" aria-describedby=\"caption-attachment-276\" style=\"width: 300px\" class=\"wp-caption aligncenter\"><a href=\"https:\/\/www.bismarckschule-servatiusschule.de\/wp-content\/uploads\/2015\/09\/20150910_110358.jpg\"><img loading=\"lazy\" decoding=\"async\" class=\"size-medium wp-image-276\" src=\"https:\/\/www.bismarckschule-servatiusschule.de\/wp-content\/uploads\/2015\/09\/20150910_110358-300x169.jpg\" alt=\"Was da schon alles w\u00e4chst!\" width=\"300\" height=\"169\" srcset=\"https:\/\/www.bismarckschule-servatiusschule.de\/wp-content\/uploads\/2015\/09\/20150910_110358-300x169.jpg 300w, https:\/\/www.bismarckschule-servatiusschule.de\/wp-content\/uploads\/2015\/09\/20150910_110358-1024x576.jpg 1024w\" sizes=\"auto, (max-width: 300px) 100vw, 300px\" \/><\/a><figcaption id=\"caption-attachment-276\" class=\"wp-caption-text\">Was da schon alles w\u00e4chst!<\/figcaption><\/figure>\n<figure id=\"attachment_275\" aria-describedby=\"caption-attachment-275\" style=\"width: 300px\" class=\"wp-caption alignnone\"><a href=\"https:\/\/www.bismarckschule-servatiusschule.de\/wp-content\/uploads\/2015\/09\/20150910_110436.jpg\"><img loading=\"lazy\" decoding=\"async\" class=\"size-medium wp-image-275\" src=\"https:\/\/www.bismarckschule-servatiusschule.de\/wp-content\/uploads\/2015\/09\/20150910_110436-300x169.jpg\" alt=\"Eifrige G\u00e4rtner\" width=\"300\" height=\"169\" srcset=\"https:\/\/www.bismarckschule-servatiusschule.de\/wp-content\/uploads\/2015\/09\/20150910_110436-300x169.jpg 300w, https:\/\/www.bismarckschule-servatiusschule.de\/wp-content\/uploads\/2015\/09\/20150910_110436-1024x576.jpg 1024w\" sizes=\"auto, (max-width: 300px) 100vw, 300px\" \/><\/a><figcaption id=\"caption-attachment-275\" class=\"wp-caption-text\">Eifrige G\u00e4rtner<\/figcaption><\/figure>\n","protected":false},"excerpt":{"rendered":"<p>Im Beisein von Horst Becker, den Herren Hedfeld und Heveling von der ALLIANZ sowie Kindern der 4. Klasse mit ihrer Klassenlehrerin Stefanie Fischer wurde der Garten eingeweiht. Mit Freude und gro\u00dfem Einsatz machten sich die Kinder an erste g\u00e4rtnerische Aktionen. Gespannt warten sie nun auf das Ernten der Fr\u00fcchte; die Produkte sollen vorwiegend den Sch\u00fclern [&hellip;]<\/p>\n","protected":false},"author":2,"featured_media":0,"comment_status":"closed","ping_status":"open","sticky":false,"template":"","format":"standard","meta":{"footnotes":""},"categories":[4],"tags":[],"class_list":["post-152","post","type-post","status-publish","format-standard","hentry","category-servatiusschule"],"_links":{"self":[{"href":"https:\/\/www.bismarckschule-servatiusschule.de\/index.php\/wp-json\/wp\/v2\/posts\/152","targetHints":{"allow":["GET"]}}],"collection":[{"href":"https:\/\/www.bismarckschule-servatiusschule.de\/index.php\/wp-json\/wp\/v2\/posts"}],"about":[{"href":"https:\/\/www.bismarckschule-servatiusschule.de\/index.php\/wp-json\/wp\/v2\/types\/post"}],"author":[{"embeddable":true,"href":"https:\/\/www.bismarckschule-servatiusschule.de\/index.php\/wp-json\/wp\/v2\/users\/2"}],"replies":[{"embeddable":true,"href":"https:\/\/www.bismarckschule-servatiusschule.de\/index.php\/wp-json\/wp\/v2\/comments?post=152"}],"version-history":[{"count":11,"href":"https:\/\/www.bismarckschule-servatiusschule.de\/index.php\/wp-json\/wp\/v2\/posts\/152\/revisions"}],"predecessor-version":[{"id":1812,"href":"https:\/\/www.bismarckschule-servatiusschule.de\/index.php\/wp-json\/wp\/v2\/posts\/152\/revisions\/1812"}],"wp:attachment":[{"href":"https:\/\/www.bismarckschule-servatiusschule.de\/index.php\/wp-json\/wp\/v2\/media?parent=152"}],"wp:term":[{"taxonomy":"category","embeddable":true,"href":"https:\/\/www.bismarckschule-servatiusschule.de\/index.php\/wp-json\/wp\/v2\/categories?post=152"},{"taxonomy":"post_tag","embeddable":true,"href":"https:\/\/www.bismarckschule-servatiusschule.de\/index.php\/wp-json\/wp\/v2\/tags?post=152"}],"curies":[{"name":"wp","href":"https:\/\/api.w.org\/{rel}","templated":true}]}}