{"id":1708,"date":"2022-09-09T10:08:36","date_gmt":"2022-09-09T08:08:36","guid":{"rendered":"https:\/\/www.bismarckschule-servatiusschule.de\/?p=1708"},"modified":"2022-09-09T10:09:05","modified_gmt":"2022-09-09T08:09:05","slug":"einschulung-im-schuljahr-2022-23","status":"publish","type":"post","link":"https:\/\/www.bismarckschule-servatiusschule.de\/index.php\/2022\/09\/09\/einschulung-im-schuljahr-2022-23\/","title":{"rendered":"Einschulung im Schuljahr 2022\/23"},"content":{"rendered":"\n<p>Alle Beteiligten waren sehr gl\u00fccklich, die Schulanf\u00e4nger 2022 in der Turnhalle der Servatiusschule und in der Pausenhalle der Bismarckschule begr\u00fc\u00dfen zu d\u00fcrfen. Wir w\u00fcnschen allen Schulanf\u00e4ngern einen gelungenen Start ins Schulleben und eine wunderbare, lehrreiche und fr\u00f6hliche Grundschulzeit!<\/p>\n\n\n\n<div class=\"wp-block-group is-nowrap is-layout-flex wp-container-core-group-is-layout-ad2f72ca wp-block-group-is-layout-flex\">\n<figure class=\"wp-block-gallery has-nested-images columns-default is-cropped wp-block-gallery-1 is-layout-flex wp-block-gallery-is-layout-flex\">\n<figure class=\"wp-block-image size-large\"><a href=\"https:\/\/www.bismarckschule-servatiusschule.de\/wp-content\/uploads\/2022\/09\/K1024_PHOTO-2022-08-11-10-13-27.jpg\"><img loading=\"lazy\" decoding=\"async\" width=\"1024\" height=\"768\" data-id=\"1710\" src=\"https:\/\/www.bismarckschule-servatiusschule.de\/wp-content\/uploads\/2022\/09\/K1024_PHOTO-2022-08-11-10-13-27.jpg\" alt=\"\" class=\"wp-image-1710\" srcset=\"https:\/\/www.bismarckschule-servatiusschule.de\/wp-content\/uploads\/2022\/09\/K1024_PHOTO-2022-08-11-10-13-27.jpg 1024w, https:\/\/www.bismarckschule-servatiusschule.de\/wp-content\/uploads\/2022\/09\/K1024_PHOTO-2022-08-11-10-13-27-300x225.jpg 300w, https:\/\/www.bismarckschule-servatiusschule.de\/wp-content\/uploads\/2022\/09\/K1024_PHOTO-2022-08-11-10-13-27-768x576.jpg 768w, https:\/\/www.bismarckschule-servatiusschule.de\/wp-content\/uploads\/2022\/09\/K1024_PHOTO-2022-08-11-10-13-27-320x240.jpg 320w\" sizes=\"auto, (max-width: 1024px) 100vw, 1024px\" \/><\/a><\/figure>\n<\/figure>\n<\/div>\n\n\n\n<figure class=\"wp-block-gallery has-nested-images columns-default is-cropped wp-block-gallery-2 is-layout-flex wp-block-gallery-is-layout-flex\">\n<figure class=\"wp-block-image size-large\"><a href=\"https:\/\/www.bismarckschule-servatiusschule.de\/wp-content\/uploads\/2022\/09\/K1024_PHOTO-2022-08-25-08-03-02-1.jpg\"><img loading=\"lazy\" decoding=\"async\" width=\"1024\" height=\"768\" data-id=\"1711\" src=\"https:\/\/www.bismarckschule-servatiusschule.de\/wp-content\/uploads\/2022\/09\/K1024_PHOTO-2022-08-25-08-03-02-1.jpg\" alt=\"\" class=\"wp-image-1711\" srcset=\"https:\/\/www.bismarckschule-servatiusschule.de\/wp-content\/uploads\/2022\/09\/K1024_PHOTO-2022-08-25-08-03-02-1.jpg 1024w, https:\/\/www.bismarckschule-servatiusschule.de\/wp-content\/uploads\/2022\/09\/K1024_PHOTO-2022-08-25-08-03-02-1-300x225.jpg 300w, https:\/\/www.bismarckschule-servatiusschule.de\/wp-content\/uploads\/2022\/09\/K1024_PHOTO-2022-08-25-08-03-02-1-768x576.jpg 768w, https:\/\/www.bismarckschule-servatiusschule.de\/wp-content\/uploads\/2022\/09\/K1024_PHOTO-2022-08-25-08-03-02-1-320x240.jpg 320w\" sizes=\"auto, (max-width: 1024px) 100vw, 1024px\" \/><\/a><\/figure>\n<\/figure>\n","protected":false},"excerpt":{"rendered":"<p>Alle Beteiligten waren sehr gl\u00fccklich, die Schulanf\u00e4nger 2022 in der Turnhalle der Servatiusschule und in der Pausenhalle der Bismarckschule begr\u00fc\u00dfen zu d\u00fcrfen. Wir w\u00fcnschen allen Schulanf\u00e4ngern einen gelungenen Start ins Schulleben und eine wunderbare, lehrreiche und fr\u00f6hliche Grundschulzeit!<\/p>\n","protected":false},"author":3,"featured_media":0,"comment_status":"closed","ping_status":"open","sticky":false,"template":"","format":"standard","meta":{"footnotes":""},"categories":[1],"tags":[],"class_list":["post-1708","post","type-post","status-publish","format-standard","hentry","category-allgemein"],"_links":{"self":[{"href":"https:\/\/www.bismarckschule-servatiusschule.de\/index.php\/wp-json\/wp\/v2\/posts\/1708","targetHints":{"allow":["GET"]}}],"collection":[{"href":"https:\/\/www.bismarckschule-servatiusschule.de\/index.php\/wp-json\/wp\/v2\/posts"}],"about":[{"href":"https:\/\/www.bismarckschule-servatiusschule.de\/index.php\/wp-json\/wp\/v2\/types\/post"}],"author":[{"embeddable":true,"href":"https:\/\/www.bismarckschule-servatiusschule.de\/index.php\/wp-json\/wp\/v2\/users\/3"}],"replies":[{"embeddable":true,"href":"https:\/\/www.bismarckschule-servatiusschule.de\/index.php\/wp-json\/wp\/v2\/comments?post=1708"}],"version-history":[{"count":3,"href":"https:\/\/www.bismarckschule-servatiusschule.de\/index.php\/wp-json\/wp\/v2\/posts\/1708\/revisions"}],"predecessor-version":[{"id":1714,"href":"https:\/\/www.bismarckschule-servatiusschule.de\/index.php\/wp-json\/wp\/v2\/posts\/1708\/revisions\/1714"}],"wp:attachment":[{"href":"https:\/\/www.bismarckschule-servatiusschule.de\/index.php\/wp-json\/wp\/v2\/media?parent=1708"}],"wp:term":[{"taxonomy":"category","embeddable":true,"href":"https:\/\/www.bismarckschule-servatiusschule.de\/index.php\/wp-json\/wp\/v2\/categories?post=1708"},{"taxonomy":"post_tag","embeddable":true,"href":"https:\/\/www.bismarckschule-servatiusschule.de\/index.php\/wp-json\/wp\/v2\/tags?post=1708"}],"curies":[{"name":"wp","href":"https:\/\/api.w.org\/{rel}","templated":true}]}}