{"id":2382,"date":"2024-05-27T09:40:16","date_gmt":"2024-05-27T07:40:16","guid":{"rendered":"https:\/\/www.bismarckschule-servatiusschule.de\/?p=2382"},"modified":"2024-05-27T09:40:16","modified_gmt":"2024-05-27T07:40:16","slug":"reporter-unterwegs","status":"publish","type":"post","link":"https:\/\/www.bismarckschule-servatiusschule.de\/index.php\/2024\/05\/27\/reporter-unterwegs\/","title":{"rendered":"Reporter unterwegs"},"content":{"rendered":"\n<p><strong>Bismarckschule, im M\u00e4rz 2024. Hallo Kinder! Wir sind wieder da. Seit ein paar Wochen gibt es wieder eine Reporter AG.<\/strong><\/p>\n\n\n\n<p>Acht Jungs und zwei M\u00e4dchen aus den 3. und 4. Klassen treffen sich jeden Mittwoch in der 6. Stunde im Klassenraum der 4a. Das ist unsere Redaktion, also unser B\u00fcro. Die Reporter haben schon einige Ideen, wor\u00fcber sie euch hier in der Schulzeitung, dem BismarckBlatt berichten wollen. Zusammen mit Herrn L\u00fcbke haben wir schon viel gelernt, \u00fcber den Beruf des Reporters und wie eine Zeitung entsteht. Nun machen wir selber eine \u2013 f\u00fcr euch. Nat\u00fcrlich geh\u00f6ren auch Fotos in eine Zeitung. Die machen wir auch selber, genau wie die Texte. Aber in einer Zeitung steht nichts, was sich die Reporter selber ausgedacht oder erfunden haben. Alles muss wirklich wahr sein. Deshalb fragen die Reporter allen Leuten, die etwas mit dem Thema zu tun haben, L\u00f6cher in den Bauch und versuchen zu \u00fcberpr\u00fcfen, ob die Antworten auch stimmen.<\/p>\n\n\n\n<p>Lasst euch \u00fcberraschen. Es gibt immer wieder neue Berichte und Reportagen dazu. Kommt vorbei und schaut es euch an. Wir freuen uns, wenn ihr unsere Zeitung lest!<\/p>\n\n\n\n<p>Und jetzt viel Spa\u00df beim Lesen!<\/p>\n\n\n\n<p>Bis zum n\u00e4chsten Mal<\/p>\n\n\n\n<p>Euer Reporterteam des BismarckBlattes<\/p>\n\n\n\n<figure class=\"wp-block-image size-full\"><a href=\"https:\/\/www.bismarckschule-servatiusschule.de\/wp-content\/uploads\/2024\/05\/K800_IMG_5723.jpg\"><img loading=\"lazy\" decoding=\"async\" width=\"815\" height=\"600\" src=\"https:\/\/www.bismarckschule-servatiusschule.de\/wp-content\/uploads\/2024\/05\/K800_IMG_5723.jpg\" alt=\"\" class=\"wp-image-2384\" srcset=\"https:\/\/www.bismarckschule-servatiusschule.de\/wp-content\/uploads\/2024\/05\/K800_IMG_5723.jpg 815w, https:\/\/www.bismarckschule-servatiusschule.de\/wp-content\/uploads\/2024\/05\/K800_IMG_5723-300x221.jpg 300w, https:\/\/www.bismarckschule-servatiusschule.de\/wp-content\/uploads\/2024\/05\/K800_IMG_5723-768x565.jpg 768w\" sizes=\"auto, (max-width: 815px) 100vw, 815px\" \/><\/a><\/figure>\n","protected":false},"excerpt":{"rendered":"<p>Bismarckschule, im M\u00e4rz 2024. Hallo Kinder! Wir sind wieder da. Seit ein paar Wochen gibt es wieder eine Reporter AG. Acht Jungs und zwei M\u00e4dchen aus den 3. und 4. Klassen treffen sich jeden Mittwoch in der 6. Stunde im Klassenraum der 4a. Das ist unsere Redaktion, also unser B\u00fcro. Die Reporter haben schon einige [&hellip;]<\/p>\n","protected":false},"author":3,"featured_media":0,"comment_status":"closed","ping_status":"open","sticky":false,"template":"","format":"standard","meta":{"footnotes":""},"categories":[1],"tags":[],"class_list":["post-2382","post","type-post","status-publish","format-standard","hentry","category-allgemein"],"_links":{"self":[{"href":"https:\/\/www.bismarckschule-servatiusschule.de\/index.php\/wp-json\/wp\/v2\/posts\/2382","targetHints":{"allow":["GET"]}}],"collection":[{"href":"https:\/\/www.bismarckschule-servatiusschule.de\/index.php\/wp-json\/wp\/v2\/posts"}],"about":[{"href":"https:\/\/www.bismarckschule-servatiusschule.de\/index.php\/wp-json\/wp\/v2\/types\/post"}],"author":[{"embeddable":true,"href":"https:\/\/www.bismarckschule-servatiusschule.de\/index.php\/wp-json\/wp\/v2\/users\/3"}],"replies":[{"embeddable":true,"href":"https:\/\/www.bismarckschule-servatiusschule.de\/index.php\/wp-json\/wp\/v2\/comments?post=2382"}],"version-history":[{"count":1,"href":"https:\/\/www.bismarckschule-servatiusschule.de\/index.php\/wp-json\/wp\/v2\/posts\/2382\/revisions"}],"predecessor-version":[{"id":2385,"href":"https:\/\/www.bismarckschule-servatiusschule.de\/index.php\/wp-json\/wp\/v2\/posts\/2382\/revisions\/2385"}],"wp:attachment":[{"href":"https:\/\/www.bismarckschule-servatiusschule.de\/index.php\/wp-json\/wp\/v2\/media?parent=2382"}],"wp:term":[{"taxonomy":"category","embeddable":true,"href":"https:\/\/www.bismarckschule-servatiusschule.de\/index.php\/wp-json\/wp\/v2\/categories?post=2382"},{"taxonomy":"post_tag","embeddable":true,"href":"https:\/\/www.bismarckschule-servatiusschule.de\/index.php\/wp-json\/wp\/v2\/tags?post=2382"}],"curies":[{"name":"wp","href":"https:\/\/api.w.org\/{rel}","templated":true}]}}