{"id":2398,"date":"2024-06-10T09:36:43","date_gmt":"2024-06-10T07:36:43","guid":{"rendered":"https:\/\/www.bismarckschule-servatiusschule.de\/?p=2398"},"modified":"2024-06-10T09:36:43","modified_gmt":"2024-06-10T07:36:43","slug":"spiel-und-sportfest","status":"publish","type":"post","link":"https:\/\/www.bismarckschule-servatiusschule.de\/index.php\/2024\/06\/10\/spiel-und-sportfest\/","title":{"rendered":"Spiel- und Sportfest"},"content":{"rendered":"\n<p>Am 6. Juni fand in der Servatius- und Bismarckschule das Spiel- und Sportfest der Schulanf\u00e4nger statt. Am Standort Servatius lernten die Kinder ihren zuk\u00fcnftigen Klassenraum und ihre Klassenlehrerin kennen, nach einem gemeinsamen Fr\u00fchst\u00fcck ging es mit allen anderen Sch\u00fclern in die Hofpause. Dann folgte eine Spiel- und Sportstunde mit der jetzigen Klasse 1. Hier gab es viel zu entdecken. Die Klasse 4c hatte einen \u201eSpielplatz\u201c aufgebaut und nicht nur das, auch als Unterst\u00fctzung halfen Lukas, Josua, Fabian,Judith, Lotte und Rebecca! Lieben Dank!<\/p>\n\n\n\n<p>B\u00e4rbel Weber<\/p>\n\n\n\n<figure class=\"wp-block-image size-full\"><a href=\"https:\/\/www.bismarckschule-servatiusschule.de\/wp-content\/uploads\/2024\/06\/K800_IMG_7918.jpg\"><img loading=\"lazy\" decoding=\"async\" width=\"600\" height=\"600\" src=\"https:\/\/www.bismarckschule-servatiusschule.de\/wp-content\/uploads\/2024\/06\/K800_IMG_7918.jpg\" alt=\"\" class=\"wp-image-2400\" srcset=\"https:\/\/www.bismarckschule-servatiusschule.de\/wp-content\/uploads\/2024\/06\/K800_IMG_7918.jpg 600w, https:\/\/www.bismarckschule-servatiusschule.de\/wp-content\/uploads\/2024\/06\/K800_IMG_7918-300x300.jpg 300w, https:\/\/www.bismarckschule-servatiusschule.de\/wp-content\/uploads\/2024\/06\/K800_IMG_7918-150x150.jpg 150w, https:\/\/www.bismarckschule-servatiusschule.de\/wp-content\/uploads\/2024\/06\/K800_IMG_7918-65x65.jpg 65w\" sizes=\"auto, (max-width: 600px) 100vw, 600px\" \/><\/a><\/figure>\n\n\n\n<p>Foto: B. Weber<\/p>\n","protected":false},"excerpt":{"rendered":"<p>Am 6. Juni fand in der Servatius- und Bismarckschule das Spiel- und Sportfest der Schulanf\u00e4nger statt. Am Standort Servatius lernten die Kinder ihren zuk\u00fcnftigen Klassenraum und ihre Klassenlehrerin kennen, nach einem gemeinsamen Fr\u00fchst\u00fcck ging es mit allen anderen Sch\u00fclern in die Hofpause. Dann folgte eine Spiel- und Sportstunde mit der jetzigen Klasse 1. Hier gab [&hellip;]<\/p>\n","protected":false},"author":3,"featured_media":0,"comment_status":"closed","ping_status":"open","sticky":false,"template":"","format":"standard","meta":{"footnotes":""},"categories":[1],"tags":[],"class_list":["post-2398","post","type-post","status-publish","format-standard","hentry","category-allgemein"],"_links":{"self":[{"href":"https:\/\/www.bismarckschule-servatiusschule.de\/index.php\/wp-json\/wp\/v2\/posts\/2398","targetHints":{"allow":["GET"]}}],"collection":[{"href":"https:\/\/www.bismarckschule-servatiusschule.de\/index.php\/wp-json\/wp\/v2\/posts"}],"about":[{"href":"https:\/\/www.bismarckschule-servatiusschule.de\/index.php\/wp-json\/wp\/v2\/types\/post"}],"author":[{"embeddable":true,"href":"https:\/\/www.bismarckschule-servatiusschule.de\/index.php\/wp-json\/wp\/v2\/users\/3"}],"replies":[{"embeddable":true,"href":"https:\/\/www.bismarckschule-servatiusschule.de\/index.php\/wp-json\/wp\/v2\/comments?post=2398"}],"version-history":[{"count":2,"href":"https:\/\/www.bismarckschule-servatiusschule.de\/index.php\/wp-json\/wp\/v2\/posts\/2398\/revisions"}],"predecessor-version":[{"id":2402,"href":"https:\/\/www.bismarckschule-servatiusschule.de\/index.php\/wp-json\/wp\/v2\/posts\/2398\/revisions\/2402"}],"wp:attachment":[{"href":"https:\/\/www.bismarckschule-servatiusschule.de\/index.php\/wp-json\/wp\/v2\/media?parent=2398"}],"wp:term":[{"taxonomy":"category","embeddable":true,"href":"https:\/\/www.bismarckschule-servatiusschule.de\/index.php\/wp-json\/wp\/v2\/categories?post=2398"},{"taxonomy":"post_tag","embeddable":true,"href":"https:\/\/www.bismarckschule-servatiusschule.de\/index.php\/wp-json\/wp\/v2\/tags?post=2398"}],"curies":[{"name":"wp","href":"https:\/\/api.w.org\/{rel}","templated":true}]}}