{"id":240,"date":"2015-09-17T14:21:43","date_gmt":"2015-09-17T12:21:43","guid":{"rendered":"http:\/\/bismarck.reppel.eu\/?p=240"},"modified":"2015-09-17T14:21:43","modified_gmt":"2015-09-17T12:21:43","slug":"jubilaeumsfeier-des-foerdervereins-der-servatiusschule","status":"publish","type":"post","link":"https:\/\/www.bismarckschule-servatiusschule.de\/index.php\/2015\/09\/17\/jubilaeumsfeier-des-foerdervereins-der-servatiusschule\/","title":{"rendered":"Jubil\u00e4umsfeier des F\u00f6rdervereins der Servatiusschule"},"content":{"rendered":"<p>In diesem Jahr wird der F\u00f6rderverein der Servatiusschule 25 Jahre alt. Aus diesem besonderen Anlass findet auf dem Schulhof der Schule am 25.9.2015 von 15 bis 18 Uhr eine sch\u00f6ne Feier mit vielen Attraktionen f\u00fcr Jung und Alt statt. Wir hei\u00dfen alle gro\u00dfen und kleinen R\u00f6nsahler(innen) und ausw\u00e4rtige Menschen herzlich willkommen. F\u00fcr Verpflegung ist bestens durch den FV gesorgt.<\/p>\n","protected":false},"excerpt":{"rendered":"<p>In diesem Jahr wird der F\u00f6rderverein der Servatiusschule 25 Jahre alt. Aus diesem besonderen Anlass findet auf dem Schulhof der Schule am 25.9.2015 von 15 bis 18 Uhr eine sch\u00f6ne Feier mit vielen Attraktionen f\u00fcr Jung und Alt statt. Wir hei\u00dfen alle gro\u00dfen und kleinen R\u00f6nsahler(innen) und ausw\u00e4rtige Menschen herzlich willkommen. F\u00fcr Verpflegung ist bestens [&hellip;]<\/p>\n","protected":false},"author":2,"featured_media":0,"comment_status":"closed","ping_status":"open","sticky":false,"template":"","format":"standard","meta":{"footnotes":""},"categories":[1],"tags":[],"class_list":["post-240","post","type-post","status-publish","format-standard","hentry","category-allgemein"],"_links":{"self":[{"href":"https:\/\/www.bismarckschule-servatiusschule.de\/index.php\/wp-json\/wp\/v2\/posts\/240","targetHints":{"allow":["GET"]}}],"collection":[{"href":"https:\/\/www.bismarckschule-servatiusschule.de\/index.php\/wp-json\/wp\/v2\/posts"}],"about":[{"href":"https:\/\/www.bismarckschule-servatiusschule.de\/index.php\/wp-json\/wp\/v2\/types\/post"}],"author":[{"embeddable":true,"href":"https:\/\/www.bismarckschule-servatiusschule.de\/index.php\/wp-json\/wp\/v2\/users\/2"}],"replies":[{"embeddable":true,"href":"https:\/\/www.bismarckschule-servatiusschule.de\/index.php\/wp-json\/wp\/v2\/comments?post=240"}],"version-history":[{"count":1,"href":"https:\/\/www.bismarckschule-servatiusschule.de\/index.php\/wp-json\/wp\/v2\/posts\/240\/revisions"}],"predecessor-version":[{"id":241,"href":"https:\/\/www.bismarckschule-servatiusschule.de\/index.php\/wp-json\/wp\/v2\/posts\/240\/revisions\/241"}],"wp:attachment":[{"href":"https:\/\/www.bismarckschule-servatiusschule.de\/index.php\/wp-json\/wp\/v2\/media?parent=240"}],"wp:term":[{"taxonomy":"category","embeddable":true,"href":"https:\/\/www.bismarckschule-servatiusschule.de\/index.php\/wp-json\/wp\/v2\/categories?post=240"},{"taxonomy":"post_tag","embeddable":true,"href":"https:\/\/www.bismarckschule-servatiusschule.de\/index.php\/wp-json\/wp\/v2\/tags?post=240"}],"curies":[{"name":"wp","href":"https:\/\/api.w.org\/{rel}","templated":true}]}}