{"id":2678,"date":"2025-06-10T22:18:56","date_gmt":"2025-06-10T20:18:56","guid":{"rendered":"https:\/\/www.bismarckschule-servatiusschule.de\/?p=2678"},"modified":"2025-06-10T22:18:57","modified_gmt":"2025-06-10T20:18:57","slug":"move-sing-smile-happiness-in-style-etwinning-projekt","status":"publish","type":"post","link":"https:\/\/www.bismarckschule-servatiusschule.de\/index.php\/2025\/06\/10\/move-sing-smile-happiness-in-style-etwinning-projekt\/","title":{"rendered":"\u201eMove, Sing, Smile \u2013 Happiness in Style\u201c \u2013 eTwinning Projekt"},"content":{"rendered":"\n<p><\/p>\n\n\n\n<p>Die Eulenklasse (2c) nahm in diesem Schuljahr an ihrem ersten eTwinning Projekt teil.<br>Durch Musik, Gesang, Tanz und Kunst konnten die Sch\u00fclerInnen der 2c, gemeinsam mit Sch\u00fclerInnen aus Bulgarien, Lettland, Litauen, Frankreich und der T\u00fcrkei, die Kulturen und Traditionen anderer L\u00e4nder kennenlernen, Vielfalt als Chance erkennen und ganz nebenbei auch noch erste Sprachkenntnisse in Englisch sammeln.<br>Das Arbeiten mit digitalen Medien und Tools geh\u00f6rt da ganz automatisch mit dazu, denn die Kinder konnten sich in echt leider nicht besuchen und austauschen. Daf\u00fcr wurden viele gemeinsame Entscheidungen getroffen, wie zum Beispiel bei der Wahl des Logos, der Liederwahl, der Ausgestaltungen von T\u00e4nzen und Bewegungen. Die Kinder stimmten viele Dinge gemeinsam ab, oft auch digital. So ist dann auch das Logo der T\u00fcrkei gew\u00e4hlt worden:<br><br><\/p>\n\n\n\n<p>Entstanden ist das Projekt bei einem Seminar in Tallinn, Estland. Dort lernte die teilnehmende Lehrkraft Frau Sarah Lehmann viele internationale Kolleginnen und Kollegen kennen. Gemeinsam mit Kolleginnen aus Bulgarien, Lettland, Litauen, Frankreich und der T\u00fcrkei entstand, nach reichlich kreativem Austausch, die Idee zum Projekt: \u201eMove, Sing, Smile \u2013 Happiness in Style\u201c.<\/p>\n\n\n\n<p><a href=\"https:\/\/www.youtube.com\/watch?v=VtFOWT6SjXA&amp;t=22s&amp;ab_channel=esmak%C4%B1l%C4%B1%C3%A7lar\">https:\/\/www.youtube.com\/watch?v=VtFOWT6SjXA&amp;t=22s&amp;ab_channel=esmak%C4%B1l%C4%B1%C3%A7lar<\/a> (Introduction Video \u2013 Tallinn)<\/p>\n\n\n\n<p>Von November bis M\u00e4rz haben die Kinder sich selbst vorgestellt, Weihnachtskarten f\u00fcr die Kinder aus den Projektl\u00e4ndern gebastelt, verschiedene Lieder pr\u00e4sentiert, T\u00e4nze einstudiert und erste englische Phrasen gelernt. Vor allem hatten sie gemeinsam eine Menge Spa\u00df und haben viel voneinander gelernt. Das Video-Treffen mit den Kindern der beteiligten Schulen war ein ganz besonderes Highlight f\u00fcr alle.<\/p>\n\n\n\n<p>Die musikalischen Ergebnisse der Kinder:<\/p>\n\n\n\n<p><a href=\"https:\/\/youtu.be\/Bcs-uxh6DMo?feature=shared\">https:\/\/youtu.be\/Bcs-uxh6DMo?feature=shared<\/a> (Weihnachtslied)<\/p>\n\n\n\n<p><a href=\"https:\/\/www.youtube.com\/watch?v=BrUy5I9x0a4&amp;t=1s&amp;ab_channel=SarahLehmann\">https:\/\/www.youtube.com\/watch?v=BrUy5I9x0a4&amp;t=1s&amp;ab_channel=SarahLehmann<\/a> (Polka und Feuerwerk)<\/p>\n\n\n\n<p><a href=\"https:\/\/youtu.be\/zAkxYTMuSIc\">https:\/\/youtu.be\/zAkxYTMuSIc<\/a> (Ich lieb den Fr\u00fchling \u2013 I like the flowers)<\/p>\n\n\n\n<p>Zum Abschluss des Projektes haben die Sch\u00fclerInnen der Projektl\u00e4nder, mit Unterst\u00fctzung ihrer Lehrkr\u00e4fte, kleine Gedichtzeilen verfasst und mithilfe der k\u00fcnstlichen Intelligenz ein Lied kreieren lassen.<\/p>\n\n\n\n<p><a href=\"https:\/\/tinyurl.com\/4seatff5\">https:\/\/tinyurl.com\/4seatff5<\/a> &nbsp;(Abschlusslied aller Projektkinder)<\/p>\n\n\n\n<p>Bildliche Eindr\u00fccke aus der Projektzeit:<\/p>\n\n\n\n<figure class=\"wp-block-gallery has-nested-images columns-default is-cropped wp-block-gallery-1 is-layout-flex wp-block-gallery-is-layout-flex\">\n<figure class=\"wp-block-image size-large\"><a href=\"https:\/\/www.bismarckschule-servatiusschule.de\/wp-content\/uploads\/2025\/06\/K800_logo_class_2_germany.jpg\"><img loading=\"lazy\" decoding=\"async\" width=\"867\" height=\"600\" data-id=\"2685\" src=\"https:\/\/www.bismarckschule-servatiusschule.de\/wp-content\/uploads\/2025\/06\/K800_logo_class_2_germany.jpg\" alt=\"\" class=\"wp-image-2685\" srcset=\"https:\/\/www.bismarckschule-servatiusschule.de\/wp-content\/uploads\/2025\/06\/K800_logo_class_2_germany.jpg 867w, https:\/\/www.bismarckschule-servatiusschule.de\/wp-content\/uploads\/2025\/06\/K800_logo_class_2_germany-300x208.jpg 300w, https:\/\/www.bismarckschule-servatiusschule.de\/wp-content\/uploads\/2025\/06\/K800_logo_class_2_germany-768x531.jpg 768w\" sizes=\"auto, (max-width: 867px) 100vw, 867px\" \/><\/a><\/figure>\n\n\n\n<figure class=\"wp-block-image size-large\"><a href=\"https:\/\/www.bismarckschule-servatiusschule.de\/wp-content\/uploads\/2025\/06\/K800_Polka.jpg\"><img loading=\"lazy\" decoding=\"async\" width=\"1024\" height=\"572\" data-id=\"2680\" src=\"https:\/\/www.bismarckschule-servatiusschule.de\/wp-content\/uploads\/2025\/06\/K800_Polka-1024x572.jpg\" alt=\"\" class=\"wp-image-2680\" srcset=\"https:\/\/www.bismarckschule-servatiusschule.de\/wp-content\/uploads\/2025\/06\/K800_Polka-1024x572.jpg 1024w, https:\/\/www.bismarckschule-servatiusschule.de\/wp-content\/uploads\/2025\/06\/K800_Polka-300x168.jpg 300w, https:\/\/www.bismarckschule-servatiusschule.de\/wp-content\/uploads\/2025\/06\/K800_Polka-768x429.jpg 768w, https:\/\/www.bismarckschule-servatiusschule.de\/wp-content\/uploads\/2025\/06\/K800_Polka.jpg 1074w\" sizes=\"auto, (max-width: 1024px) 100vw, 1024px\" \/><\/a><\/figure>\n\n\n\n<figure class=\"wp-block-image size-large\"><a href=\"https:\/\/www.bismarckschule-servatiusschule.de\/wp-content\/uploads\/2025\/06\/K800_photo_2025-05-22_20-12-31.jpg\"><img loading=\"lazy\" decoding=\"async\" width=\"1024\" height=\"577\" data-id=\"2681\" src=\"https:\/\/www.bismarckschule-servatiusschule.de\/wp-content\/uploads\/2025\/06\/K800_photo_2025-05-22_20-12-31-1024x577.jpg\" alt=\"\" class=\"wp-image-2681\" srcset=\"https:\/\/www.bismarckschule-servatiusschule.de\/wp-content\/uploads\/2025\/06\/K800_photo_2025-05-22_20-12-31-1024x577.jpg 1024w, https:\/\/www.bismarckschule-servatiusschule.de\/wp-content\/uploads\/2025\/06\/K800_photo_2025-05-22_20-12-31-300x169.jpg 300w, https:\/\/www.bismarckschule-servatiusschule.de\/wp-content\/uploads\/2025\/06\/K800_photo_2025-05-22_20-12-31-768x433.jpg 768w, https:\/\/www.bismarckschule-servatiusschule.de\/wp-content\/uploads\/2025\/06\/K800_photo_2025-05-22_20-12-31.jpg 1065w\" sizes=\"auto, (max-width: 1024px) 100vw, 1024px\" \/><\/a><\/figure>\n\n\n\n<figure class=\"wp-block-image size-large\"><a href=\"https:\/\/www.bismarckschule-servatiusschule.de\/wp-content\/uploads\/2025\/06\/K800_s2hSVf_w.jpg\"><img loading=\"lazy\" decoding=\"async\" width=\"600\" height=\"735\" data-id=\"2682\" src=\"https:\/\/www.bismarckschule-servatiusschule.de\/wp-content\/uploads\/2025\/06\/K800_s2hSVf_w.jpg\" alt=\"\" class=\"wp-image-2682\" srcset=\"https:\/\/www.bismarckschule-servatiusschule.de\/wp-content\/uploads\/2025\/06\/K800_s2hSVf_w.jpg 600w, https:\/\/www.bismarckschule-servatiusschule.de\/wp-content\/uploads\/2025\/06\/K800_s2hSVf_w-245x300.jpg 245w\" sizes=\"auto, (max-width: 600px) 100vw, 600px\" \/><\/a><\/figure>\n\n\n\n<figure class=\"wp-block-image size-large\"><a href=\"https:\/\/www.bismarckschule-servatiusschule.de\/wp-content\/uploads\/2025\/06\/K800_Feuerwerk-1.jpg\"><img loading=\"lazy\" decoding=\"async\" width=\"985\" height=\"600\" data-id=\"2683\" src=\"https:\/\/www.bismarckschule-servatiusschule.de\/wp-content\/uploads\/2025\/06\/K800_Feuerwerk-1.jpg\" alt=\"\" class=\"wp-image-2683\" srcset=\"https:\/\/www.bismarckschule-servatiusschule.de\/wp-content\/uploads\/2025\/06\/K800_Feuerwerk-1.jpg 985w, https:\/\/www.bismarckschule-servatiusschule.de\/wp-content\/uploads\/2025\/06\/K800_Feuerwerk-1-300x183.jpg 300w, https:\/\/www.bismarckschule-servatiusschule.de\/wp-content\/uploads\/2025\/06\/K800_Feuerwerk-1-768x468.jpg 768w\" sizes=\"auto, (max-width: 985px) 100vw, 985px\" \/><\/a><\/figure>\n\n\n\n<figure class=\"wp-block-image size-large\"><a href=\"https:\/\/www.bismarckschule-servatiusschule.de\/wp-content\/uploads\/2025\/06\/Wbtreffen2.jpg\"><img loading=\"lazy\" decoding=\"async\" width=\"1024\" height=\"616\" data-id=\"2686\" src=\"https:\/\/www.bismarckschule-servatiusschule.de\/wp-content\/uploads\/2025\/06\/Wbtreffen2-1024x616.jpg\" alt=\"\" class=\"wp-image-2686\" srcset=\"https:\/\/www.bismarckschule-servatiusschule.de\/wp-content\/uploads\/2025\/06\/Wbtreffen2-1024x616.jpg 1024w, https:\/\/www.bismarckschule-servatiusschule.de\/wp-content\/uploads\/2025\/06\/Wbtreffen2-300x181.jpg 300w, https:\/\/www.bismarckschule-servatiusschule.de\/wp-content\/uploads\/2025\/06\/Wbtreffen2-768x462.jpg 768w, https:\/\/www.bismarckschule-servatiusschule.de\/wp-content\/uploads\/2025\/06\/Wbtreffen2.jpg 1407w\" sizes=\"auto, (max-width: 1024px) 100vw, 1024px\" \/><\/a><\/figure>\n\n\n\n<figure class=\"wp-block-image size-large\"><a href=\"https:\/\/www.bismarckschule-servatiusschule.de\/wp-content\/uploads\/2025\/06\/K800_20250321_111025.jpg\"><img loading=\"lazy\" decoding=\"async\" width=\"1024\" height=\"576\" data-id=\"2687\" src=\"https:\/\/www.bismarckschule-servatiusschule.de\/wp-content\/uploads\/2025\/06\/K800_20250321_111025-1024x576.jpg\" alt=\"\" class=\"wp-image-2687\" srcset=\"https:\/\/www.bismarckschule-servatiusschule.de\/wp-content\/uploads\/2025\/06\/K800_20250321_111025-1024x576.jpg 1024w, https:\/\/www.bismarckschule-servatiusschule.de\/wp-content\/uploads\/2025\/06\/K800_20250321_111025-300x169.jpg 300w, https:\/\/www.bismarckschule-servatiusschule.de\/wp-content\/uploads\/2025\/06\/K800_20250321_111025-768x432.jpg 768w, https:\/\/www.bismarckschule-servatiusschule.de\/wp-content\/uploads\/2025\/06\/K800_20250321_111025.jpg 1066w\" sizes=\"auto, (max-width: 1024px) 100vw, 1024px\" \/><\/a><\/figure>\n\n\n\n<figure class=\"wp-block-image size-large\"><a href=\"https:\/\/www.bismarckschule-servatiusschule.de\/wp-content\/uploads\/2025\/06\/photo_2025-05-22_20-12-34.jpg\"><img loading=\"lazy\" decoding=\"async\" width=\"1024\" height=\"577\" data-id=\"2688\" src=\"https:\/\/www.bismarckschule-servatiusschule.de\/wp-content\/uploads\/2025\/06\/photo_2025-05-22_20-12-34-1024x577.jpg\" alt=\"\" class=\"wp-image-2688\" srcset=\"https:\/\/www.bismarckschule-servatiusschule.de\/wp-content\/uploads\/2025\/06\/photo_2025-05-22_20-12-34-1024x577.jpg 1024w, https:\/\/www.bismarckschule-servatiusschule.de\/wp-content\/uploads\/2025\/06\/photo_2025-05-22_20-12-34-300x169.jpg 300w, https:\/\/www.bismarckschule-servatiusschule.de\/wp-content\/uploads\/2025\/06\/photo_2025-05-22_20-12-34-768x433.jpg 768w, https:\/\/www.bismarckschule-servatiusschule.de\/wp-content\/uploads\/2025\/06\/photo_2025-05-22_20-12-34.jpg 1280w\" sizes=\"auto, (max-width: 1024px) 100vw, 1024px\" \/><\/a><\/figure>\n<\/figure>\n","protected":false},"excerpt":{"rendered":"<p>Die Eulenklasse (2c) nahm in diesem Schuljahr an ihrem ersten eTwinning Projekt teil.Durch Musik, Gesang, Tanz und Kunst konnten die Sch\u00fclerInnen der 2c, gemeinsam mit Sch\u00fclerInnen aus Bulgarien, Lettland, Litauen, Frankreich und der T\u00fcrkei, die Kulturen und Traditionen anderer L\u00e4nder kennenlernen, Vielfalt als Chance erkennen und ganz nebenbei auch noch erste Sprachkenntnisse in Englisch sammeln.Das [&hellip;]<\/p>\n","protected":false},"author":3,"featured_media":0,"comment_status":"closed","ping_status":"open","sticky":false,"template":"","format":"standard","meta":{"footnotes":""},"categories":[1],"tags":[],"class_list":["post-2678","post","type-post","status-publish","format-standard","hentry","category-allgemein"],"_links":{"self":[{"href":"https:\/\/www.bismarckschule-servatiusschule.de\/index.php\/wp-json\/wp\/v2\/posts\/2678","targetHints":{"allow":["GET"]}}],"collection":[{"href":"https:\/\/www.bismarckschule-servatiusschule.de\/index.php\/wp-json\/wp\/v2\/posts"}],"about":[{"href":"https:\/\/www.bismarckschule-servatiusschule.de\/index.php\/wp-json\/wp\/v2\/types\/post"}],"author":[{"embeddable":true,"href":"https:\/\/www.bismarckschule-servatiusschule.de\/index.php\/wp-json\/wp\/v2\/users\/3"}],"replies":[{"embeddable":true,"href":"https:\/\/www.bismarckschule-servatiusschule.de\/index.php\/wp-json\/wp\/v2\/comments?post=2678"}],"version-history":[{"count":1,"href":"https:\/\/www.bismarckschule-servatiusschule.de\/index.php\/wp-json\/wp\/v2\/posts\/2678\/revisions"}],"predecessor-version":[{"id":2691,"href":"https:\/\/www.bismarckschule-servatiusschule.de\/index.php\/wp-json\/wp\/v2\/posts\/2678\/revisions\/2691"}],"wp:attachment":[{"href":"https:\/\/www.bismarckschule-servatiusschule.de\/index.php\/wp-json\/wp\/v2\/media?parent=2678"}],"wp:term":[{"taxonomy":"category","embeddable":true,"href":"https:\/\/www.bismarckschule-servatiusschule.de\/index.php\/wp-json\/wp\/v2\/categories?post=2678"},{"taxonomy":"post_tag","embeddable":true,"href":"https:\/\/www.bismarckschule-servatiusschule.de\/index.php\/wp-json\/wp\/v2\/tags?post=2678"}],"curies":[{"name":"wp","href":"https:\/\/api.w.org\/{rel}","templated":true}]}}