{"id":2717,"date":"2025-07-02T19:26:24","date_gmt":"2025-07-02T17:26:24","guid":{"rendered":"https:\/\/www.bismarckschule-servatiusschule.de\/?p=2717"},"modified":"2025-07-02T19:26:24","modified_gmt":"2025-07-02T17:26:24","slug":"hollaendische-tulpenfelder-im-kunstunterricht-der-klasse-2c","status":"publish","type":"post","link":"https:\/\/www.bismarckschule-servatiusschule.de\/index.php\/2025\/07\/02\/hollaendische-tulpenfelder-im-kunstunterricht-der-klasse-2c\/","title":{"rendered":"Holl\u00e4ndische Tulpenfelder                                     im Kunstunterricht der Klasse 2c"},"content":{"rendered":"\n<p>Im Kunstunterricht haben die Kinder der 2c kunterbunte Tulpenfelder getupft, gemalt und gestaltet. Im Hintergrund ziert eine Windm\u00fchle den Horizont. Entstanden ist die Idee nach den Osterferien, als ein paar Kinder im Holland-Urlaub die bunten Tulpenfelder in echt gesehen haben und sich die Klasse im Sachunterricht unter anderem mit der Tulpe als Fr\u00fchbl\u00fcher besch\u00e4ftigt haben. Da war klar, sowas m\u00f6chten sie malen.<br>Mit viel Geduld wurden die Tulpen mit Wattest\u00e4bchen aufgetupft und der Hintergrund mit verschiedenen Techniken passend gestaltet. Das Ergebnis: leuchtende Bilder, die Lust auf Urlaub machen.<\/p>\n\n\n\n<p>E. Sikora<\/p>\n\n\n\n<figure class=\"wp-block-image size-large\"><a href=\"https:\/\/www.bismarckschule-servatiusschule.de\/wp-content\/uploads\/2025\/07\/hollaendische-Tulpenfelder-Eulenklasse.jpg\"><img loading=\"lazy\" decoding=\"async\" width=\"1024\" height=\"577\" src=\"https:\/\/www.bismarckschule-servatiusschule.de\/wp-content\/uploads\/2025\/07\/hollaendische-Tulpenfelder-Eulenklasse-1024x577.jpg\" alt=\"\" class=\"wp-image-2719\" srcset=\"https:\/\/www.bismarckschule-servatiusschule.de\/wp-content\/uploads\/2025\/07\/hollaendische-Tulpenfelder-Eulenklasse-1024x577.jpg 1024w, https:\/\/www.bismarckschule-servatiusschule.de\/wp-content\/uploads\/2025\/07\/hollaendische-Tulpenfelder-Eulenklasse-300x169.jpg 300w, https:\/\/www.bismarckschule-servatiusschule.de\/wp-content\/uploads\/2025\/07\/hollaendische-Tulpenfelder-Eulenklasse-768x433.jpg 768w, https:\/\/www.bismarckschule-servatiusschule.de\/wp-content\/uploads\/2025\/07\/hollaendische-Tulpenfelder-Eulenklasse.jpg 1280w\" sizes=\"auto, (max-width: 1024px) 100vw, 1024px\" \/><\/a><\/figure>\n","protected":false},"excerpt":{"rendered":"<p>Im Kunstunterricht haben die Kinder der 2c kunterbunte Tulpenfelder getupft, gemalt und gestaltet. Im Hintergrund ziert eine Windm\u00fchle den Horizont. Entstanden ist die Idee nach den Osterferien, als ein paar Kinder im Holland-Urlaub die bunten Tulpenfelder in echt gesehen haben und sich die Klasse im Sachunterricht unter anderem mit der Tulpe als Fr\u00fchbl\u00fcher besch\u00e4ftigt haben. [&hellip;]<\/p>\n","protected":false},"author":3,"featured_media":0,"comment_status":"closed","ping_status":"open","sticky":false,"template":"","format":"standard","meta":{"footnotes":""},"categories":[1],"tags":[],"class_list":["post-2717","post","type-post","status-publish","format-standard","hentry","category-allgemein"],"_links":{"self":[{"href":"https:\/\/www.bismarckschule-servatiusschule.de\/index.php\/wp-json\/wp\/v2\/posts\/2717","targetHints":{"allow":["GET"]}}],"collection":[{"href":"https:\/\/www.bismarckschule-servatiusschule.de\/index.php\/wp-json\/wp\/v2\/posts"}],"about":[{"href":"https:\/\/www.bismarckschule-servatiusschule.de\/index.php\/wp-json\/wp\/v2\/types\/post"}],"author":[{"embeddable":true,"href":"https:\/\/www.bismarckschule-servatiusschule.de\/index.php\/wp-json\/wp\/v2\/users\/3"}],"replies":[{"embeddable":true,"href":"https:\/\/www.bismarckschule-servatiusschule.de\/index.php\/wp-json\/wp\/v2\/comments?post=2717"}],"version-history":[{"count":1,"href":"https:\/\/www.bismarckschule-servatiusschule.de\/index.php\/wp-json\/wp\/v2\/posts\/2717\/revisions"}],"predecessor-version":[{"id":2720,"href":"https:\/\/www.bismarckschule-servatiusschule.de\/index.php\/wp-json\/wp\/v2\/posts\/2717\/revisions\/2720"}],"wp:attachment":[{"href":"https:\/\/www.bismarckschule-servatiusschule.de\/index.php\/wp-json\/wp\/v2\/media?parent=2717"}],"wp:term":[{"taxonomy":"category","embeddable":true,"href":"https:\/\/www.bismarckschule-servatiusschule.de\/index.php\/wp-json\/wp\/v2\/categories?post=2717"},{"taxonomy":"post_tag","embeddable":true,"href":"https:\/\/www.bismarckschule-servatiusschule.de\/index.php\/wp-json\/wp\/v2\/tags?post=2717"}],"curies":[{"name":"wp","href":"https:\/\/api.w.org\/{rel}","templated":true}]}}