{"id":2727,"date":"2025-07-09T09:19:05","date_gmt":"2025-07-09T07:19:05","guid":{"rendered":"https:\/\/www.bismarckschule-servatiusschule.de\/?p=2727"},"modified":"2025-07-09T09:19:06","modified_gmt":"2025-07-09T07:19:06","slug":"leseomi-frau-lippmann-nun-schon-zwei-jahren-ehrenamtlich-an-der-bismarckschule-taetig","status":"publish","type":"post","link":"https:\/\/www.bismarckschule-servatiusschule.de\/index.php\/2025\/07\/09\/leseomi-frau-lippmann-nun-schon-zwei-jahren-ehrenamtlich-an-der-bismarckschule-taetig\/","title":{"rendered":"\u201cLeseomi\u201d Frau Lippmann nun schon zwei Jahren ehrenamtlich an der Bismarckschule t\u00e4tig"},"content":{"rendered":"\n<p><\/p>\n\n\n\n<p><strong>Zum letzten Mal vor den Ferien erschien Frau Lippmann &#8211; unsere \u201cLeseomi\u201d &#8211; wie jede Woche p\u00fcnktlich und zuverl\u00e4ssig in der Bismarckschule, um einzelne Kinder der zweiten Klassen beim Lesen zu unterst\u00fctzen.<\/strong><\/p>\n\n\n\n<p><strong>Frau Lippmann begleitet uns schon seit dem 1. Schuljahr und nimmt sich einmal pro Woche Zeit, um den Leselernprozess der Zweitkl\u00e4ssler zu unterst\u00fctzen. Die Kinder (und auch die Lehrerinnen des 2. Jahrgangs) freuen sich schon immer sehr auf sie. Mit ihrer geduldigen und freundlichen Art hat sie uns in den letzten zwei Jahren ganz hervorragend unterst\u00fctzt.&nbsp;<\/strong><\/p>\n\n\n\n<p><strong>Wir sagen \u201cDanke\u201d!<\/strong><\/p>\n\n\n\n<p><strong>Auch f\u00fcr das 3. Schuljahr bleibt uns Frau Lippmann erhalten! Wir freuen uns sehr dar\u00fcber!<\/strong><\/p>\n\n\n\n<p>(M. Schepelmann)<\/p>\n\n\n\n<figure class=\"wp-block-image size-large\"><a href=\"https:\/\/www.bismarckschule-servatiusschule.de\/wp-content\/uploads\/2025\/07\/K800_1000101111.jpg\"><img loading=\"lazy\" decoding=\"async\" width=\"537\" height=\"1024\" src=\"https:\/\/www.bismarckschule-servatiusschule.de\/wp-content\/uploads\/2025\/07\/K800_1000101111-537x1024.jpg\" alt=\"\" class=\"wp-image-2729\" srcset=\"https:\/\/www.bismarckschule-servatiusschule.de\/wp-content\/uploads\/2025\/07\/K800_1000101111-537x1024.jpg 537w, https:\/\/www.bismarckschule-servatiusschule.de\/wp-content\/uploads\/2025\/07\/K800_1000101111-157x300.jpg 157w, https:\/\/www.bismarckschule-servatiusschule.de\/wp-content\/uploads\/2025\/07\/K800_1000101111.jpg 600w\" sizes=\"auto, (max-width: 537px) 100vw, 537px\" \/><\/a><\/figure>\n","protected":false},"excerpt":{"rendered":"<p>Zum letzten Mal vor den Ferien erschien Frau Lippmann &#8211; unsere \u201cLeseomi\u201d &#8211; wie jede Woche p\u00fcnktlich und zuverl\u00e4ssig in der Bismarckschule, um einzelne Kinder der zweiten Klassen beim Lesen zu unterst\u00fctzen. Frau Lippmann begleitet uns schon seit dem 1. Schuljahr und nimmt sich einmal pro Woche Zeit, um den Leselernprozess der Zweitkl\u00e4ssler zu unterst\u00fctzen. [&hellip;]<\/p>\n","protected":false},"author":3,"featured_media":0,"comment_status":"closed","ping_status":"open","sticky":false,"template":"","format":"standard","meta":{"footnotes":""},"categories":[1],"tags":[],"class_list":["post-2727","post","type-post","status-publish","format-standard","hentry","category-allgemein"],"_links":{"self":[{"href":"https:\/\/www.bismarckschule-servatiusschule.de\/index.php\/wp-json\/wp\/v2\/posts\/2727","targetHints":{"allow":["GET"]}}],"collection":[{"href":"https:\/\/www.bismarckschule-servatiusschule.de\/index.php\/wp-json\/wp\/v2\/posts"}],"about":[{"href":"https:\/\/www.bismarckschule-servatiusschule.de\/index.php\/wp-json\/wp\/v2\/types\/post"}],"author":[{"embeddable":true,"href":"https:\/\/www.bismarckschule-servatiusschule.de\/index.php\/wp-json\/wp\/v2\/users\/3"}],"replies":[{"embeddable":true,"href":"https:\/\/www.bismarckschule-servatiusschule.de\/index.php\/wp-json\/wp\/v2\/comments?post=2727"}],"version-history":[{"count":1,"href":"https:\/\/www.bismarckschule-servatiusschule.de\/index.php\/wp-json\/wp\/v2\/posts\/2727\/revisions"}],"predecessor-version":[{"id":2730,"href":"https:\/\/www.bismarckschule-servatiusschule.de\/index.php\/wp-json\/wp\/v2\/posts\/2727\/revisions\/2730"}],"wp:attachment":[{"href":"https:\/\/www.bismarckschule-servatiusschule.de\/index.php\/wp-json\/wp\/v2\/media?parent=2727"}],"wp:term":[{"taxonomy":"category","embeddable":true,"href":"https:\/\/www.bismarckschule-servatiusschule.de\/index.php\/wp-json\/wp\/v2\/categories?post=2727"},{"taxonomy":"post_tag","embeddable":true,"href":"https:\/\/www.bismarckschule-servatiusschule.de\/index.php\/wp-json\/wp\/v2\/tags?post=2727"}],"curies":[{"name":"wp","href":"https:\/\/api.w.org\/{rel}","templated":true}]}}