{"id":3012,"date":"2025-12-01T18:22:01","date_gmt":"2025-12-01T17:22:01","guid":{"rendered":"https:\/\/www.bismarckschule-servatiusschule.de\/?p=3012"},"modified":"2025-12-01T18:22:02","modified_gmt":"2025-12-01T17:22:02","slug":"pueppi-stellt-sich-quer-und-kriegt-jede-menge-aerger","status":"publish","type":"post","link":"https:\/\/www.bismarckschule-servatiusschule.de\/index.php\/2025\/12\/01\/pueppi-stellt-sich-quer-und-kriegt-jede-menge-aerger\/","title":{"rendered":"P\u00fcppi stellt sich quer &#8211; und kriegt jede Menge \u00c4rger"},"content":{"rendered":"\n<p>Theater an der Gesamtschule: Vor einem Leben im Land Sorglos muss man sich gro\u00dfe Sorgen machen<\/p>\n\n\n\n<p><strong>Von Phil Louis Kramarz und Eliah L\u00f6wen<\/strong><\/p>\n\n\n\n<p><strong>Einmal im Jahr gibt es eine Einladung von der Gesamtschule. N\u00e4mlich immer dann, wenn die Theatergruppe ein neues St\u00fcck fertig hat. Am Dienstag, dem 11. November, war es wieder soweit.<\/strong><\/p>\n\n\n\n<p>Alle dritten und vierten Klassen sind mit ihren Lehrerinnen hingegangen. Deshalb war es in der Bismarckschule an diesem Tag auch ziemlich leer.Im PZ der Gesamtschule war es aber richtig voll. Es sind n\u00e4mlich die Dreier und Vierer aus allen Kiersper Grundschulen dagewesen.<\/p>\n\n\n\n<p><strong>\u00dcberall Kameras <\/strong><strong>\u2013<\/strong><\/p>\n\n\n\n<p><strong>sogar im Wohnzimmer<\/strong><\/p>\n\n\n\n<p>Das Theaterst\u00fcck hat in einem anderen Land gespielt. Es hie\u00df Sorglos. Normalerweise bekamen die Bewohner keinen Besuch. Doch eine Schulgruppe durfte kommen und ist dort hingereist. In Sorglos wurden alle Menschen 24\/7 \u2013 also immer \u2013 \u00fcberwacht. \u00dcberall waren Kameras. Wer sich nicht so benommen hat, wie die Regierung es wollte, kam in die Halle der Vernunft. Sogar Kinder wurden den Familien weggenommen. Alle hatten Angst vor der Halle der Vernunft.<\/p>\n\n\n\n<p>Theo und Frida kamen in eine Familie mit drei Kindern, P\u00fcppi, Benny und Karla. P\u00fcppi und Frida haben \u00fcbrigens in der Theater-AG an unserer Schule auch oft mitgemacht. Die G\u00e4ste durften nur den Erwachsenen Fragen stellen. Die Kinder durften nicht antworten, sonst gab es \u00c4rger. P\u00fcppi hat es trotzdem gemacht. Und sie hat selber Fragen gestellt, die der Regierung gar nicht gefallen haben.<\/p>\n\n\n\n<p><strong>Bei uns darf jeder<\/strong><\/p>\n\n\n\n<p><strong>seine Meinung sagen!<\/strong><\/p>\n\n\n\n<p>Nat\u00fcrlich gab es dann gro\u00dfen \u00c4rger. Die ganze Familie hatte gro\u00dfe Angst, abgeholt und weggesperrt zu werden. Als Frida und Theo erz\u00e4hlten, dass bei uns jeder seine Meinung sagen darf und nicht alles \u00fcberwacht wird, kam die Familie gar nicht mehr aus dem Staunen heraus. So etwas kannten sie ja gar nicht.<\/p>\n\n\n\n<p>\u00dcber das Theaterst\u00fcck haben die Klassen am n\u00e4chsten Tag mit ihren Lehrerinnen noch gesprochen und dar\u00fcber nachgedacht, dass so etwas bestimmt nicht sch\u00f6n ist. Vor einem Leben in einem Land wie Sorglos muss man sich ganz sicher viele Sorgen machen.<\/p>\n\n\n\n<figure class=\"wp-block-image size-full\"><a href=\"https:\/\/www.bismarckschule-servatiusschule.de\/wp-content\/uploads\/2025\/12\/K800_IMG_0259.jpg\"><img loading=\"lazy\" decoding=\"async\" width=\"1013\" height=\"600\" src=\"https:\/\/www.bismarckschule-servatiusschule.de\/wp-content\/uploads\/2025\/12\/K800_IMG_0259.jpg\" alt=\"\" class=\"wp-image-3014\" srcset=\"https:\/\/www.bismarckschule-servatiusschule.de\/wp-content\/uploads\/2025\/12\/K800_IMG_0259.jpg 1013w, https:\/\/www.bismarckschule-servatiusschule.de\/wp-content\/uploads\/2025\/12\/K800_IMG_0259-300x178.jpg 300w, https:\/\/www.bismarckschule-servatiusschule.de\/wp-content\/uploads\/2025\/12\/K800_IMG_0259-768x455.jpg 768w\" sizes=\"auto, (max-width: 1013px) 100vw, 1013px\" \/><\/a><\/figure>\n\n\n\n<figure class=\"wp-block-image size-full\"><a href=\"https:\/\/www.bismarckschule-servatiusschule.de\/wp-content\/uploads\/2025\/12\/K800_IMG_0240.jpg\"><img loading=\"lazy\" decoding=\"async\" width=\"967\" height=\"600\" src=\"https:\/\/www.bismarckschule-servatiusschule.de\/wp-content\/uploads\/2025\/12\/K800_IMG_0240.jpg\" alt=\"\" class=\"wp-image-3015\" srcset=\"https:\/\/www.bismarckschule-servatiusschule.de\/wp-content\/uploads\/2025\/12\/K800_IMG_0240.jpg 967w, https:\/\/www.bismarckschule-servatiusschule.de\/wp-content\/uploads\/2025\/12\/K800_IMG_0240-300x186.jpg 300w, https:\/\/www.bismarckschule-servatiusschule.de\/wp-content\/uploads\/2025\/12\/K800_IMG_0240-768x477.jpg 768w\" sizes=\"auto, (max-width: 967px) 100vw, 967px\" \/><\/a><\/figure>\n","protected":false},"excerpt":{"rendered":"<p>Theater an der Gesamtschule: Vor einem Leben im Land Sorglos muss man sich gro\u00dfe Sorgen machen Von Phil Louis Kramarz und Eliah L\u00f6wen Einmal im Jahr gibt es eine Einladung von der Gesamtschule. N\u00e4mlich immer dann, wenn die Theatergruppe ein neues St\u00fcck fertig hat. Am Dienstag, dem 11. November, war es wieder soweit. Alle dritten [&hellip;]<\/p>\n","protected":false},"author":3,"featured_media":0,"comment_status":"closed","ping_status":"open","sticky":false,"template":"","format":"standard","meta":{"footnotes":""},"categories":[1],"tags":[],"class_list":["post-3012","post","type-post","status-publish","format-standard","hentry","category-allgemein"],"_links":{"self":[{"href":"https:\/\/www.bismarckschule-servatiusschule.de\/index.php\/wp-json\/wp\/v2\/posts\/3012","targetHints":{"allow":["GET"]}}],"collection":[{"href":"https:\/\/www.bismarckschule-servatiusschule.de\/index.php\/wp-json\/wp\/v2\/posts"}],"about":[{"href":"https:\/\/www.bismarckschule-servatiusschule.de\/index.php\/wp-json\/wp\/v2\/types\/post"}],"author":[{"embeddable":true,"href":"https:\/\/www.bismarckschule-servatiusschule.de\/index.php\/wp-json\/wp\/v2\/users\/3"}],"replies":[{"embeddable":true,"href":"https:\/\/www.bismarckschule-servatiusschule.de\/index.php\/wp-json\/wp\/v2\/comments?post=3012"}],"version-history":[{"count":1,"href":"https:\/\/www.bismarckschule-servatiusschule.de\/index.php\/wp-json\/wp\/v2\/posts\/3012\/revisions"}],"predecessor-version":[{"id":3016,"href":"https:\/\/www.bismarckschule-servatiusschule.de\/index.php\/wp-json\/wp\/v2\/posts\/3012\/revisions\/3016"}],"wp:attachment":[{"href":"https:\/\/www.bismarckschule-servatiusschule.de\/index.php\/wp-json\/wp\/v2\/media?parent=3012"}],"wp:term":[{"taxonomy":"category","embeddable":true,"href":"https:\/\/www.bismarckschule-servatiusschule.de\/index.php\/wp-json\/wp\/v2\/categories?post=3012"},{"taxonomy":"post_tag","embeddable":true,"href":"https:\/\/www.bismarckschule-servatiusschule.de\/index.php\/wp-json\/wp\/v2\/tags?post=3012"}],"curies":[{"name":"wp","href":"https:\/\/api.w.org\/{rel}","templated":true}]}}