{"id":304,"date":"2015-09-24T11:59:59","date_gmt":"2015-09-24T09:59:59","guid":{"rendered":"http:\/\/bismarck.reppel.eu\/?p=304"},"modified":"2015-09-24T12:02:06","modified_gmt":"2015-09-24T10:02:06","slug":"schulbueros-nicht-besetzt","status":"publish","type":"post","link":"https:\/\/www.bismarckschule-servatiusschule.de\/index.php\/2015\/09\/24\/schulbueros-nicht-besetzt\/","title":{"rendered":"Schulb\u00fcros nicht besetzt"},"content":{"rendered":"<p>Wegen Abwesenheit unserer Sekret\u00e4rin sind die Schulb\u00fcros in der Bismarckschule und der Servatiusschule <strong>bis zu<\/strong> <strong>den Herbstferien<\/strong> nur sporadisch besetzt. Wir k\u00f6nnen nicht gew\u00e4hrleisten, dass Ihre Anrufe uns erreichen. Sichere Zeiten sind vor Schulbeginn (ca. 15 Minuten). Sie k\u00f6nnen aber auch an beiden Schulen versuchen, jemanden telefonisch zu erreichen. Mitteilungen werden an die zust\u00e4ndigen Personen weitergegeben.<\/p>\n<p>Ebenfalls kann sich die Bearbeitung von schriftlichen Anfragen (E-Mails, Briefe) verz\u00f6gern.<\/p>\n<p>Wir bitten um Ihr Verst\u00e4ndnis.<\/p>\n","protected":false},"excerpt":{"rendered":"<p>Wegen Abwesenheit unserer Sekret\u00e4rin sind die Schulb\u00fcros in der Bismarckschule und der Servatiusschule bis zu den Herbstferien nur sporadisch besetzt. Wir k\u00f6nnen nicht gew\u00e4hrleisten, dass Ihre Anrufe uns erreichen. Sichere Zeiten sind vor Schulbeginn (ca. 15 Minuten). Sie k\u00f6nnen aber auch an beiden Schulen versuchen, jemanden telefonisch zu erreichen. Mitteilungen werden an die zust\u00e4ndigen Personen [&hellip;]<\/p>\n","protected":false},"author":2,"featured_media":0,"comment_status":"closed","ping_status":"open","sticky":false,"template":"","format":"standard","meta":{"footnotes":""},"categories":[1],"tags":[],"class_list":["post-304","post","type-post","status-publish","format-standard","hentry","category-allgemein"],"_links":{"self":[{"href":"https:\/\/www.bismarckschule-servatiusschule.de\/index.php\/wp-json\/wp\/v2\/posts\/304","targetHints":{"allow":["GET"]}}],"collection":[{"href":"https:\/\/www.bismarckschule-servatiusschule.de\/index.php\/wp-json\/wp\/v2\/posts"}],"about":[{"href":"https:\/\/www.bismarckschule-servatiusschule.de\/index.php\/wp-json\/wp\/v2\/types\/post"}],"author":[{"embeddable":true,"href":"https:\/\/www.bismarckschule-servatiusschule.de\/index.php\/wp-json\/wp\/v2\/users\/2"}],"replies":[{"embeddable":true,"href":"https:\/\/www.bismarckschule-servatiusschule.de\/index.php\/wp-json\/wp\/v2\/comments?post=304"}],"version-history":[{"count":3,"href":"https:\/\/www.bismarckschule-servatiusschule.de\/index.php\/wp-json\/wp\/v2\/posts\/304\/revisions"}],"predecessor-version":[{"id":307,"href":"https:\/\/www.bismarckschule-servatiusschule.de\/index.php\/wp-json\/wp\/v2\/posts\/304\/revisions\/307"}],"wp:attachment":[{"href":"https:\/\/www.bismarckschule-servatiusschule.de\/index.php\/wp-json\/wp\/v2\/media?parent=304"}],"wp:term":[{"taxonomy":"category","embeddable":true,"href":"https:\/\/www.bismarckschule-servatiusschule.de\/index.php\/wp-json\/wp\/v2\/categories?post=304"},{"taxonomy":"post_tag","embeddable":true,"href":"https:\/\/www.bismarckschule-servatiusschule.de\/index.php\/wp-json\/wp\/v2\/tags?post=304"}],"curies":[{"name":"wp","href":"https:\/\/api.w.org\/{rel}","templated":true}]}}