{"id":3042,"date":"2025-12-02T10:11:00","date_gmt":"2025-12-02T09:11:00","guid":{"rendered":"https:\/\/www.bismarckschule-servatiusschule.de\/?p=3042"},"modified":"2025-12-04T08:45:53","modified_gmt":"2025-12-04T07:45:53","slug":"unser-gluehwuermchentag","status":"publish","type":"post","link":"https:\/\/www.bismarckschule-servatiusschule.de\/index.php\/2025\/12\/02\/unser-gluehwuermchentag\/","title":{"rendered":"Unser Gl\u00fchw\u00fcrmchentag!"},"content":{"rendered":"\n<p>&#8222;Sehen und gesehen werden&#8220; ist besonders in der dunklen Jahreszeit ein wichtiges Thema f\u00fcr unsere Schulkinder und ihren Familien.<\/p>\n\n\n\n<p>Deshalb haben wir am heutigen Dienstag einen Gl\u00fchw\u00fcrmchentag organisiert, der von der Landesverkehrswacht angesto\u00dfen wurde. So sind heute unsere Schulkinder blinkend, reflektierend und leuchtend zur Schule gekommen. Sogar Lichterketten waren dabei! Nat\u00fcrlich haben wir diesen Moment heute Morgen an beiden Standorten eingefangen \ud83d\ude42 <\/p>\n\n\n\n<figure class=\"wp-block-image size-full is-resized\"><a href=\"https:\/\/www.bismarckschule-servatiusschule.de\/wp-content\/uploads\/2025\/12\/K800_PHOTO-2025-12-02-08-19-56.jpg\"><img loading=\"lazy\" decoding=\"async\" width=\"640\" height=\"480\" src=\"https:\/\/www.bismarckschule-servatiusschule.de\/wp-content\/uploads\/2025\/12\/K800_PHOTO-2025-12-02-08-19-56.jpg\" alt=\"\" class=\"wp-image-3044\" style=\"width:597px;height:auto\" srcset=\"https:\/\/www.bismarckschule-servatiusschule.de\/wp-content\/uploads\/2025\/12\/K800_PHOTO-2025-12-02-08-19-56.jpg 640w, https:\/\/www.bismarckschule-servatiusschule.de\/wp-content\/uploads\/2025\/12\/K800_PHOTO-2025-12-02-08-19-56-300x225.jpg 300w, https:\/\/www.bismarckschule-servatiusschule.de\/wp-content\/uploads\/2025\/12\/K800_PHOTO-2025-12-02-08-19-56-320x240.jpg 320w\" sizes=\"auto, (max-width: 640px) 100vw, 640px\" \/><\/a><\/figure>\n\n\n\n<p>Der Gl\u00fchw\u00fcrmchentag an der Servatiusschule<\/p>\n\n\n\n<figure class=\"wp-block-image size-large is-resized\"><a href=\"https:\/\/www.bismarckschule-servatiusschule.de\/wp-content\/uploads\/2025\/12\/K800_IMG_0320.jpg\"><img loading=\"lazy\" decoding=\"async\" width=\"1024\" height=\"547\" src=\"https:\/\/www.bismarckschule-servatiusschule.de\/wp-content\/uploads\/2025\/12\/K800_IMG_0320-1024x547.jpg\" alt=\"\" class=\"wp-image-3063\" style=\"width:595px;height:auto\" srcset=\"https:\/\/www.bismarckschule-servatiusschule.de\/wp-content\/uploads\/2025\/12\/K800_IMG_0320-1024x547.jpg 1024w, https:\/\/www.bismarckschule-servatiusschule.de\/wp-content\/uploads\/2025\/12\/K800_IMG_0320-300x160.jpg 300w, https:\/\/www.bismarckschule-servatiusschule.de\/wp-content\/uploads\/2025\/12\/K800_IMG_0320-768x410.jpg 768w, https:\/\/www.bismarckschule-servatiusschule.de\/wp-content\/uploads\/2025\/12\/K800_IMG_0320.jpg 1124w\" sizes=\"auto, (max-width: 1024px) 100vw, 1024px\" \/><\/a><\/figure>\n\n\n\n<p>Der Gl\u00fchw\u00fcrmchentag in der Bismarckschule<\/p>\n\n\n\n<p><\/p>\n","protected":false},"excerpt":{"rendered":"<p>&#8222;Sehen und gesehen werden&#8220; ist besonders in der dunklen Jahreszeit ein wichtiges Thema f\u00fcr unsere Schulkinder und ihren Familien. Deshalb haben wir am heutigen Dienstag einen Gl\u00fchw\u00fcrmchentag organisiert, der von der Landesverkehrswacht angesto\u00dfen wurde. So sind heute unsere Schulkinder blinkend, reflektierend und leuchtend zur Schule gekommen. Sogar Lichterketten waren dabei! Nat\u00fcrlich haben wir diesen Moment [&hellip;]<\/p>\n","protected":false},"author":3,"featured_media":0,"comment_status":"closed","ping_status":"open","sticky":false,"template":"","format":"standard","meta":{"footnotes":""},"categories":[1],"tags":[],"class_list":["post-3042","post","type-post","status-publish","format-standard","hentry","category-allgemein"],"_links":{"self":[{"href":"https:\/\/www.bismarckschule-servatiusschule.de\/index.php\/wp-json\/wp\/v2\/posts\/3042","targetHints":{"allow":["GET"]}}],"collection":[{"href":"https:\/\/www.bismarckschule-servatiusschule.de\/index.php\/wp-json\/wp\/v2\/posts"}],"about":[{"href":"https:\/\/www.bismarckschule-servatiusschule.de\/index.php\/wp-json\/wp\/v2\/types\/post"}],"author":[{"embeddable":true,"href":"https:\/\/www.bismarckschule-servatiusschule.de\/index.php\/wp-json\/wp\/v2\/users\/3"}],"replies":[{"embeddable":true,"href":"https:\/\/www.bismarckschule-servatiusschule.de\/index.php\/wp-json\/wp\/v2\/comments?post=3042"}],"version-history":[{"count":2,"href":"https:\/\/www.bismarckschule-servatiusschule.de\/index.php\/wp-json\/wp\/v2\/posts\/3042\/revisions"}],"predecessor-version":[{"id":3064,"href":"https:\/\/www.bismarckschule-servatiusschule.de\/index.php\/wp-json\/wp\/v2\/posts\/3042\/revisions\/3064"}],"wp:attachment":[{"href":"https:\/\/www.bismarckschule-servatiusschule.de\/index.php\/wp-json\/wp\/v2\/media?parent=3042"}],"wp:term":[{"taxonomy":"category","embeddable":true,"href":"https:\/\/www.bismarckschule-servatiusschule.de\/index.php\/wp-json\/wp\/v2\/categories?post=3042"},{"taxonomy":"post_tag","embeddable":true,"href":"https:\/\/www.bismarckschule-servatiusschule.de\/index.php\/wp-json\/wp\/v2\/tags?post=3042"}],"curies":[{"name":"wp","href":"https:\/\/api.w.org\/{rel}","templated":true}]}}