{"id":3046,"date":"2025-12-03T11:12:35","date_gmt":"2025-12-03T10:12:35","guid":{"rendered":"https:\/\/www.bismarckschule-servatiusschule.de\/?p=3046"},"modified":"2025-12-03T11:22:32","modified_gmt":"2025-12-03T10:22:32","slug":"die-bismarckschule-m-t-servatiusschule-ist-eine-grosse-weihnachtsbaeckerei","status":"publish","type":"post","link":"https:\/\/www.bismarckschule-servatiusschule.de\/index.php\/2025\/12\/03\/die-bismarckschule-m-t-servatiusschule-ist-eine-grosse-weihnachtsbaeckerei\/","title":{"rendered":"Die Bismarckschule m. T. Servatiusschule ist eine gro\u00dfe Weihnachtsb\u00e4ckerei"},"content":{"rendered":"\n<p>Schon seit Ende November h\u00f6rt man am Vormittag Gekicher und Gesang in unseren Schulfluren. Diese Ger\u00e4usche kommen eindeutig aus den beiden Schulk\u00fcchen. Manchmal erklingt dazu auch ein Weihnachtslied&#8230;. \u00d6ffnet sich mal die K\u00fcchent\u00fcr, kann man ab und an eine gro\u00dfe Mehlwolke aus der T\u00fcr\u00f6ffnung quellen sehen&#8230; Unsere Weihnachtsb\u00e4ckerinnen und Weihnachtsb\u00e4cker sind wieder flei\u00dfig. Alle Klassen haben einen Back- und Basteltag. Dabei helfen uns viele Wichtel&#8230;.\u00e4h, ich meine M\u00fctter und V\u00e4ter, um die Kinder bei ihren Arbeiten zu unterst\u00fctzen. Ein herzliches DANKESCH\u00d6N an dieser Stelle f\u00fcr Ihre gro\u00dfartige Mithilfe! \ud83d\ude42<\/p>\n\n\n\n<figure class=\"wp-block-image size-full\"><a href=\"https:\/\/www.bismarckschule-servatiusschule.de\/wp-content\/uploads\/2025\/12\/K800_PHOTO-2025-12-02-20-19-48.jpg\"><img loading=\"lazy\" decoding=\"async\" width=\"480\" height=\"640\" src=\"https:\/\/www.bismarckschule-servatiusschule.de\/wp-content\/uploads\/2025\/12\/K800_PHOTO-2025-12-02-20-19-48.jpg\" alt=\"\" class=\"wp-image-3048\" srcset=\"https:\/\/www.bismarckschule-servatiusschule.de\/wp-content\/uploads\/2025\/12\/K800_PHOTO-2025-12-02-20-19-48.jpg 480w, https:\/\/www.bismarckschule-servatiusschule.de\/wp-content\/uploads\/2025\/12\/K800_PHOTO-2025-12-02-20-19-48-225x300.jpg 225w\" sizes=\"auto, (max-width: 480px) 100vw, 480px\" \/><\/a><\/figure>\n\n\n\n<p>Das sind einige B\u00e4ckerinnen und B\u00e4cker aus der Klasse 2c.<\/p>\n\n\n\n<figure class=\"wp-block-image size-full\"><a href=\"https:\/\/www.bismarckschule-servatiusschule.de\/wp-content\/uploads\/2025\/12\/K800_PHOTO-2025-12-02-20-19-49.jpg\"><img loading=\"lazy\" decoding=\"async\" width=\"600\" height=\"800\" src=\"https:\/\/www.bismarckschule-servatiusschule.de\/wp-content\/uploads\/2025\/12\/K800_PHOTO-2025-12-02-20-19-49.jpg\" alt=\"\" class=\"wp-image-3050\" srcset=\"https:\/\/www.bismarckschule-servatiusschule.de\/wp-content\/uploads\/2025\/12\/K800_PHOTO-2025-12-02-20-19-49.jpg 600w, https:\/\/www.bismarckschule-servatiusschule.de\/wp-content\/uploads\/2025\/12\/K800_PHOTO-2025-12-02-20-19-49-225x300.jpg 225w\" sizes=\"auto, (max-width: 600px) 100vw, 600px\" \/><\/a><\/figure>\n","protected":false},"excerpt":{"rendered":"<p>Schon seit Ende November h\u00f6rt man am Vormittag Gekicher und Gesang in unseren Schulfluren. Diese Ger\u00e4usche kommen eindeutig aus den beiden Schulk\u00fcchen. Manchmal erklingt dazu auch ein Weihnachtslied&#8230;. \u00d6ffnet sich mal die K\u00fcchent\u00fcr, kann man ab und an eine gro\u00dfe Mehlwolke aus der T\u00fcr\u00f6ffnung quellen sehen&#8230; Unsere Weihnachtsb\u00e4ckerinnen und Weihnachtsb\u00e4cker sind wieder flei\u00dfig. Alle Klassen [&hellip;]<\/p>\n","protected":false},"author":3,"featured_media":0,"comment_status":"closed","ping_status":"open","sticky":false,"template":"","format":"standard","meta":{"footnotes":""},"categories":[1],"tags":[],"class_list":["post-3046","post","type-post","status-publish","format-standard","hentry","category-allgemein"],"_links":{"self":[{"href":"https:\/\/www.bismarckschule-servatiusschule.de\/index.php\/wp-json\/wp\/v2\/posts\/3046","targetHints":{"allow":["GET"]}}],"collection":[{"href":"https:\/\/www.bismarckschule-servatiusschule.de\/index.php\/wp-json\/wp\/v2\/posts"}],"about":[{"href":"https:\/\/www.bismarckschule-servatiusschule.de\/index.php\/wp-json\/wp\/v2\/types\/post"}],"author":[{"embeddable":true,"href":"https:\/\/www.bismarckschule-servatiusschule.de\/index.php\/wp-json\/wp\/v2\/users\/3"}],"replies":[{"embeddable":true,"href":"https:\/\/www.bismarckschule-servatiusschule.de\/index.php\/wp-json\/wp\/v2\/comments?post=3046"}],"version-history":[{"count":2,"href":"https:\/\/www.bismarckschule-servatiusschule.de\/index.php\/wp-json\/wp\/v2\/posts\/3046\/revisions"}],"predecessor-version":[{"id":3051,"href":"https:\/\/www.bismarckschule-servatiusschule.de\/index.php\/wp-json\/wp\/v2\/posts\/3046\/revisions\/3051"}],"wp:attachment":[{"href":"https:\/\/www.bismarckschule-servatiusschule.de\/index.php\/wp-json\/wp\/v2\/media?parent=3046"}],"wp:term":[{"taxonomy":"category","embeddable":true,"href":"https:\/\/www.bismarckschule-servatiusschule.de\/index.php\/wp-json\/wp\/v2\/categories?post=3046"},{"taxonomy":"post_tag","embeddable":true,"href":"https:\/\/www.bismarckschule-servatiusschule.de\/index.php\/wp-json\/wp\/v2\/tags?post=3046"}],"curies":[{"name":"wp","href":"https:\/\/api.w.org\/{rel}","templated":true}]}}