{"id":3083,"date":"2025-12-09T11:01:05","date_gmt":"2025-12-09T10:01:05","guid":{"rendered":"https:\/\/www.bismarckschule-servatiusschule.de\/?p=3083"},"modified":"2025-12-09T11:01:06","modified_gmt":"2025-12-09T10:01:06","slug":"weihnachtliche-feierstunde-in-der-bismarckschule-2","status":"publish","type":"post","link":"https:\/\/www.bismarckschule-servatiusschule.de\/index.php\/2025\/12\/09\/weihnachtliche-feierstunde-in-der-bismarckschule-2\/","title":{"rendered":"Weihnachtliche Feierstunde in der Bismarckschule"},"content":{"rendered":"\n<p><\/p>\n\n\n\n<p>Am Montag war es endlich wieder so weit. Die Pausenhalle der Bismarckschule verwandelte sich in einen weihnachtlich gestalteten Feiersaal. Zahlreiche Eltern waren erschienen, um dem einst\u00fcndigen Programm der Schulkinder beizuwohnen. Nahezu jede Klasse trug zur Gestaltung bei, so gab es Gedichte und Weihnachtslieder, letztere oft auch zum Mitsingen. Unter tosendem Applaus gingen die Kinder nach der Feierlichkeit in ihre Klassenr\u00e4ume um weiter flei\u00dfig zu lernen, w\u00e4hrend die Eltern das Schulcaf\u00e9 aufsuchten, um miteinander, mit Vertreterinnen des F\u00f6rderkreises und der Schulleitung noch ein Pl\u00e4uschchen bei Kaffee und Kuchen zu halten.<\/p>\n\n\n\n<figure class=\"wp-block-gallery has-nested-images columns-default is-cropped wp-block-gallery-1 is-layout-flex wp-block-gallery-is-layout-flex\">\n<figure class=\"wp-block-image size-large\"><a href=\"https:\/\/www.bismarckschule-servatiusschule.de\/wp-content\/uploads\/2025\/12\/K800_PHOTO-2025-12-08-15-42-00-1.jpg\"><img loading=\"lazy\" decoding=\"async\" width=\"800\" height=\"600\" data-id=\"3086\" src=\"https:\/\/www.bismarckschule-servatiusschule.de\/wp-content\/uploads\/2025\/12\/K800_PHOTO-2025-12-08-15-42-00-1.jpg\" alt=\"\" class=\"wp-image-3086\" srcset=\"https:\/\/www.bismarckschule-servatiusschule.de\/wp-content\/uploads\/2025\/12\/K800_PHOTO-2025-12-08-15-42-00-1.jpg 800w, https:\/\/www.bismarckschule-servatiusschule.de\/wp-content\/uploads\/2025\/12\/K800_PHOTO-2025-12-08-15-42-00-1-300x225.jpg 300w, https:\/\/www.bismarckschule-servatiusschule.de\/wp-content\/uploads\/2025\/12\/K800_PHOTO-2025-12-08-15-42-00-1-768x576.jpg 768w, https:\/\/www.bismarckschule-servatiusschule.de\/wp-content\/uploads\/2025\/12\/K800_PHOTO-2025-12-08-15-42-00-1-320x240.jpg 320w\" sizes=\"auto, (max-width: 800px) 100vw, 800px\" \/><\/a><figcaption class=\"wp-element-caption\">Frau Fischer f\u00fchrte durch das weihnachtliche Programm<\/figcaption><\/figure>\n\n\n\n<figure class=\"wp-block-image size-large\"><a href=\"https:\/\/www.bismarckschule-servatiusschule.de\/wp-content\/uploads\/2025\/12\/K800_PHOTO-2025-12-08-15-42-07.jpg\"><img loading=\"lazy\" decoding=\"async\" width=\"800\" height=\"600\" data-id=\"3087\" src=\"https:\/\/www.bismarckschule-servatiusschule.de\/wp-content\/uploads\/2025\/12\/K800_PHOTO-2025-12-08-15-42-07.jpg\" alt=\"\" class=\"wp-image-3087\" srcset=\"https:\/\/www.bismarckschule-servatiusschule.de\/wp-content\/uploads\/2025\/12\/K800_PHOTO-2025-12-08-15-42-07.jpg 800w, https:\/\/www.bismarckschule-servatiusschule.de\/wp-content\/uploads\/2025\/12\/K800_PHOTO-2025-12-08-15-42-07-300x225.jpg 300w, https:\/\/www.bismarckschule-servatiusschule.de\/wp-content\/uploads\/2025\/12\/K800_PHOTO-2025-12-08-15-42-07-768x576.jpg 768w, https:\/\/www.bismarckschule-servatiusschule.de\/wp-content\/uploads\/2025\/12\/K800_PHOTO-2025-12-08-15-42-07-320x240.jpg 320w\" sizes=\"auto, (max-width: 800px) 100vw, 800px\" \/><\/a><figcaption class=\"wp-element-caption\">Fr\u00f6hliche und besinnliche Gedichte wurden vorgetragen<\/figcaption><\/figure>\n\n\n\n<figure class=\"wp-block-image size-large\"><a href=\"https:\/\/www.bismarckschule-servatiusschule.de\/wp-content\/uploads\/2025\/12\/K800_PHOTO-2025-12-08-15-42-09.jpg\"><img loading=\"lazy\" decoding=\"async\" width=\"640\" height=\"480\" data-id=\"3088\" src=\"https:\/\/www.bismarckschule-servatiusschule.de\/wp-content\/uploads\/2025\/12\/K800_PHOTO-2025-12-08-15-42-09.jpg\" alt=\"\" class=\"wp-image-3088\" srcset=\"https:\/\/www.bismarckschule-servatiusschule.de\/wp-content\/uploads\/2025\/12\/K800_PHOTO-2025-12-08-15-42-09.jpg 640w, https:\/\/www.bismarckschule-servatiusschule.de\/wp-content\/uploads\/2025\/12\/K800_PHOTO-2025-12-08-15-42-09-300x225.jpg 300w, https:\/\/www.bismarckschule-servatiusschule.de\/wp-content\/uploads\/2025\/12\/K800_PHOTO-2025-12-08-15-42-09-320x240.jpg 320w\" sizes=\"auto, (max-width: 640px) 100vw, 640px\" \/><\/a><figcaption class=\"wp-element-caption\">Die Zuschauer erfuhren, was die Weihnachtsb\u00e4ume am Verkaufsstand erleben<\/figcaption><\/figure>\n<\/figure>\n","protected":false},"excerpt":{"rendered":"<p>Am Montag war es endlich wieder so weit. Die Pausenhalle der Bismarckschule verwandelte sich in einen weihnachtlich gestalteten Feiersaal. Zahlreiche Eltern waren erschienen, um dem einst\u00fcndigen Programm der Schulkinder beizuwohnen. Nahezu jede Klasse trug zur Gestaltung bei, so gab es Gedichte und Weihnachtslieder, letztere oft auch zum Mitsingen. Unter tosendem Applaus gingen die Kinder nach [&hellip;]<\/p>\n","protected":false},"author":3,"featured_media":0,"comment_status":"closed","ping_status":"open","sticky":false,"template":"","format":"standard","meta":{"footnotes":""},"categories":[1],"tags":[],"class_list":["post-3083","post","type-post","status-publish","format-standard","hentry","category-allgemein"],"_links":{"self":[{"href":"https:\/\/www.bismarckschule-servatiusschule.de\/index.php\/wp-json\/wp\/v2\/posts\/3083","targetHints":{"allow":["GET"]}}],"collection":[{"href":"https:\/\/www.bismarckschule-servatiusschule.de\/index.php\/wp-json\/wp\/v2\/posts"}],"about":[{"href":"https:\/\/www.bismarckschule-servatiusschule.de\/index.php\/wp-json\/wp\/v2\/types\/post"}],"author":[{"embeddable":true,"href":"https:\/\/www.bismarckschule-servatiusschule.de\/index.php\/wp-json\/wp\/v2\/users\/3"}],"replies":[{"embeddable":true,"href":"https:\/\/www.bismarckschule-servatiusschule.de\/index.php\/wp-json\/wp\/v2\/comments?post=3083"}],"version-history":[{"count":1,"href":"https:\/\/www.bismarckschule-servatiusschule.de\/index.php\/wp-json\/wp\/v2\/posts\/3083\/revisions"}],"predecessor-version":[{"id":3089,"href":"https:\/\/www.bismarckschule-servatiusschule.de\/index.php\/wp-json\/wp\/v2\/posts\/3083\/revisions\/3089"}],"wp:attachment":[{"href":"https:\/\/www.bismarckschule-servatiusschule.de\/index.php\/wp-json\/wp\/v2\/media?parent=3083"}],"wp:term":[{"taxonomy":"category","embeddable":true,"href":"https:\/\/www.bismarckschule-servatiusschule.de\/index.php\/wp-json\/wp\/v2\/categories?post=3083"},{"taxonomy":"post_tag","embeddable":true,"href":"https:\/\/www.bismarckschule-servatiusschule.de\/index.php\/wp-json\/wp\/v2\/tags?post=3083"}],"curies":[{"name":"wp","href":"https:\/\/api.w.org\/{rel}","templated":true}]}}