{"id":3102,"date":"2025-12-16T09:30:47","date_gmt":"2025-12-16T08:30:47","guid":{"rendered":"https:\/\/www.bismarckschule-servatiusschule.de\/?p=3102"},"modified":"2025-12-16T09:30:48","modified_gmt":"2025-12-16T08:30:48","slug":"gemeinsames-singen-in-der-margarethenkirche","status":"publish","type":"post","link":"https:\/\/www.bismarckschule-servatiusschule.de\/index.php\/2025\/12\/16\/gemeinsames-singen-in-der-margarethenkirche\/","title":{"rendered":"Gemeinsames Singen in der Margarethenkirche"},"content":{"rendered":"\n<p>Die Fl\u00f6ten-AG und die Chor-AG haben sich zusammen mit ihrer Leiterin Frau W\u00fcller ein Programm f\u00fcr den Weihnachtsmarkt in Kierspe \u00fcberlegt, welches vor allem zum Mitsingen anregen sollte. Dieses Ziel wurde in einer feierlichen Stunde erreicht. Die Kirche war gut gef\u00fcllt, so schallten laut mitgesungene Weihnachtslieder durch die B\u00e4nke und sorgten f\u00fcr eine fr\u00f6hliche und besinnliche Stimmung.<\/p>\n\n\n\n<figure class=\"wp-block-gallery has-nested-images columns-default is-cropped wp-block-gallery-1 is-layout-flex wp-block-gallery-is-layout-flex\">\n<figure class=\"wp-block-image size-large\"><a href=\"https:\/\/www.bismarckschule-servatiusschule.de\/wp-content\/uploads\/2025\/12\/K800_Margarethe2-rotated.jpg\"><img loading=\"lazy\" decoding=\"async\" width=\"640\" height=\"480\" data-id=\"3104\" src=\"https:\/\/www.bismarckschule-servatiusschule.de\/wp-content\/uploads\/2025\/12\/K800_Margarethe2-rotated.jpg\" alt=\"\" class=\"wp-image-3104\" srcset=\"https:\/\/www.bismarckschule-servatiusschule.de\/wp-content\/uploads\/2025\/12\/K800_Margarethe2-rotated.jpg 640w, https:\/\/www.bismarckschule-servatiusschule.de\/wp-content\/uploads\/2025\/12\/K800_Margarethe2-300x225.jpg 300w, https:\/\/www.bismarckschule-servatiusschule.de\/wp-content\/uploads\/2025\/12\/K800_Margarethe2-320x240.jpg 320w\" sizes=\"auto, (max-width: 640px) 100vw, 640px\" \/><\/a><\/figure>\n\n\n\n<figure class=\"wp-block-image size-large\"><a href=\"https:\/\/www.bismarckschule-servatiusschule.de\/wp-content\/uploads\/2025\/12\/K800_Margarethe3-rotated.jpg\"><img loading=\"lazy\" decoding=\"async\" width=\"480\" height=\"640\" data-id=\"3105\" src=\"https:\/\/www.bismarckschule-servatiusschule.de\/wp-content\/uploads\/2025\/12\/K800_Margarethe3-rotated.jpg\" alt=\"\" class=\"wp-image-3105\" srcset=\"https:\/\/www.bismarckschule-servatiusschule.de\/wp-content\/uploads\/2025\/12\/K800_Margarethe3-rotated.jpg 480w, https:\/\/www.bismarckschule-servatiusschule.de\/wp-content\/uploads\/2025\/12\/K800_Margarethe3-225x300.jpg 225w\" sizes=\"auto, (max-width: 480px) 100vw, 480px\" \/><\/a><\/figure>\n\n\n\n<figure class=\"wp-block-image size-large\"><a href=\"https:\/\/www.bismarckschule-servatiusschule.de\/wp-content\/uploads\/2025\/12\/K800_Margarethe4-rotated.jpg\"><img loading=\"lazy\" decoding=\"async\" width=\"480\" height=\"640\" data-id=\"3106\" src=\"https:\/\/www.bismarckschule-servatiusschule.de\/wp-content\/uploads\/2025\/12\/K800_Margarethe4-rotated.jpg\" alt=\"\" class=\"wp-image-3106\" srcset=\"https:\/\/www.bismarckschule-servatiusschule.de\/wp-content\/uploads\/2025\/12\/K800_Margarethe4-rotated.jpg 480w, https:\/\/www.bismarckschule-servatiusschule.de\/wp-content\/uploads\/2025\/12\/K800_Margarethe4-225x300.jpg 225w\" sizes=\"auto, (max-width: 480px) 100vw, 480px\" \/><\/a><\/figure>\n<\/figure>\n","protected":false},"excerpt":{"rendered":"<p>Die Fl\u00f6ten-AG und die Chor-AG haben sich zusammen mit ihrer Leiterin Frau W\u00fcller ein Programm f\u00fcr den Weihnachtsmarkt in Kierspe \u00fcberlegt, welches vor allem zum Mitsingen anregen sollte. Dieses Ziel wurde in einer feierlichen Stunde erreicht. Die Kirche war gut gef\u00fcllt, so schallten laut mitgesungene Weihnachtslieder durch die B\u00e4nke und sorgten f\u00fcr eine fr\u00f6hliche und [&hellip;]<\/p>\n","protected":false},"author":3,"featured_media":0,"comment_status":"closed","ping_status":"open","sticky":false,"template":"","format":"standard","meta":{"footnotes":""},"categories":[1],"tags":[],"class_list":["post-3102","post","type-post","status-publish","format-standard","hentry","category-allgemein"],"_links":{"self":[{"href":"https:\/\/www.bismarckschule-servatiusschule.de\/index.php\/wp-json\/wp\/v2\/posts\/3102","targetHints":{"allow":["GET"]}}],"collection":[{"href":"https:\/\/www.bismarckschule-servatiusschule.de\/index.php\/wp-json\/wp\/v2\/posts"}],"about":[{"href":"https:\/\/www.bismarckschule-servatiusschule.de\/index.php\/wp-json\/wp\/v2\/types\/post"}],"author":[{"embeddable":true,"href":"https:\/\/www.bismarckschule-servatiusschule.de\/index.php\/wp-json\/wp\/v2\/users\/3"}],"replies":[{"embeddable":true,"href":"https:\/\/www.bismarckschule-servatiusschule.de\/index.php\/wp-json\/wp\/v2\/comments?post=3102"}],"version-history":[{"count":1,"href":"https:\/\/www.bismarckschule-servatiusschule.de\/index.php\/wp-json\/wp\/v2\/posts\/3102\/revisions"}],"predecessor-version":[{"id":3108,"href":"https:\/\/www.bismarckschule-servatiusschule.de\/index.php\/wp-json\/wp\/v2\/posts\/3102\/revisions\/3108"}],"wp:attachment":[{"href":"https:\/\/www.bismarckschule-servatiusschule.de\/index.php\/wp-json\/wp\/v2\/media?parent=3102"}],"wp:term":[{"taxonomy":"category","embeddable":true,"href":"https:\/\/www.bismarckschule-servatiusschule.de\/index.php\/wp-json\/wp\/v2\/categories?post=3102"},{"taxonomy":"post_tag","embeddable":true,"href":"https:\/\/www.bismarckschule-servatiusschule.de\/index.php\/wp-json\/wp\/v2\/tags?post=3102"}],"curies":[{"name":"wp","href":"https:\/\/api.w.org\/{rel}","templated":true}]}}