{"id":426,"date":"2015-11-13T16:41:08","date_gmt":"2015-11-13T15:41:08","guid":{"rendered":"https:\/\/www.bismarckschule-servatiusschule.de\/?p=426"},"modified":"2015-11-13T16:41:08","modified_gmt":"2015-11-13T15:41:08","slug":"jhv-des-foerdervereins-der-servatiusschule","status":"publish","type":"post","link":"https:\/\/www.bismarckschule-servatiusschule.de\/index.php\/2015\/11\/13\/jhv-des-foerdervereins-der-servatiusschule\/","title":{"rendered":"JHV des F\u00f6rdervereins der Servatiusschule"},"content":{"rendered":"<p>12.11.2015<\/p>\n<p>Der F\u00f6rderverein der Servatiusschule hielt jetzt seine Jahreshauptversammlung ab. In dem abgelaufenen Jahr hat der Verein in vielf\u00e4ltiger Weise die Schule unterst\u00fctzt: beim Schulfest, beim Weihnachtsmarkt in R\u00f6nsahl, durch die Einrichtung des Leseraums und als Tr\u00e4ger der Betreuungsma\u00dfnahme. Zudem feierte man in diesem September das 25j\u00e4hrige Bestehen mit einem sch\u00f6nen Fest auf dem Schulhof.<\/p>\n<p>Der Vorstand musste in einigen Positionen neu gew\u00e4hlt werden, da aus unterschiedlichen Gr\u00fcnden zwei Personen ausschieden. Frau Reppel ersetzte die Schriftf\u00fchrerin Frau Peterson und Frau Lasarzik fungiert nunmehr anstelle von Frau Theis als Beisitzerin. Die \u00fcbrigen Vordtandsmitglieder machten weiter und wurden auch einstimmig wiedergew\u00e4hlt: Frau Kelm als 1. Vorsitzende, Herr Becker als 2. Vorsitzender, Frau Becker als Kassiererin und Frau B\u00f6cker als Beisitzerin. Die Kassenf\u00fchrung wurde von den Pr\u00fcfern nicht beanstandet.<\/p>\n<p>Auch im neuen Schuljahr wird der Verein f\u00fcr alle Kinder, deren Eltern es w\u00fcnschen, einen Betreuungsplatz bereithalten. Anmeldungen bitte an den F\u00f6rderverein (\u00fcber die Schule oder direkt).<\/p>\n<p><a href=\"https:\/\/www.bismarckschule-servatiusschule.de\/wp-content\/uploads\/2015\/11\/fv1a.gif\"><img loading=\"lazy\" decoding=\"async\" class=\"alignnone size-medium wp-image-427\" src=\"https:\/\/www.bismarckschule-servatiusschule.de\/wp-content\/uploads\/2015\/11\/fv1a-300x225.gif\" alt=\"fv1a\" width=\"300\" height=\"225\" srcset=\"https:\/\/www.bismarckschule-servatiusschule.de\/wp-content\/uploads\/2015\/11\/fv1a-300x225.gif 300w, https:\/\/www.bismarckschule-servatiusschule.de\/wp-content\/uploads\/2015\/11\/fv1a-320x240.gif 320w\" sizes=\"auto, (max-width: 300px) 100vw, 300px\" \/><\/a><\/p>\n<p>Der neu gew\u00e4hlte Vorstand: v.l. Frau B\u00f6cker, Frau Kelm, Frau Lasarzik, Frau Reppel, Frau und Herr Becker<\/p>\n<p><a href=\"https:\/\/www.bismarckschule-servatiusschule.de\/wp-content\/uploads\/2015\/11\/fv3a.gif\"><img loading=\"lazy\" decoding=\"async\" class=\"alignnone size-medium wp-image-428\" src=\"https:\/\/www.bismarckschule-servatiusschule.de\/wp-content\/uploads\/2015\/11\/fv3a-300x225.gif\" alt=\"fv3a\" width=\"300\" height=\"225\" srcset=\"https:\/\/www.bismarckschule-servatiusschule.de\/wp-content\/uploads\/2015\/11\/fv3a-300x225.gif 300w, https:\/\/www.bismarckschule-servatiusschule.de\/wp-content\/uploads\/2015\/11\/fv3a-320x240.gif 320w\" sizes=\"auto, (max-width: 300px) 100vw, 300px\" \/><\/a><\/p>\n<p>Verabschiedet wurden sie mit Blumen: Frau Theis und Frau Peterson<\/p>\n","protected":false},"excerpt":{"rendered":"<p>12.11.2015 Der F\u00f6rderverein der Servatiusschule hielt jetzt seine Jahreshauptversammlung ab. In dem abgelaufenen Jahr hat der Verein in vielf\u00e4ltiger Weise die Schule unterst\u00fctzt: beim Schulfest, beim Weihnachtsmarkt in R\u00f6nsahl, durch die Einrichtung des Leseraums und als Tr\u00e4ger der Betreuungsma\u00dfnahme. Zudem feierte man in diesem September das 25j\u00e4hrige Bestehen mit einem sch\u00f6nen Fest auf dem Schulhof. [&hellip;]<\/p>\n","protected":false},"author":2,"featured_media":0,"comment_status":"closed","ping_status":"open","sticky":false,"template":"","format":"standard","meta":{"footnotes":""},"categories":[1],"tags":[],"class_list":["post-426","post","type-post","status-publish","format-standard","hentry","category-allgemein"],"_links":{"self":[{"href":"https:\/\/www.bismarckschule-servatiusschule.de\/index.php\/wp-json\/wp\/v2\/posts\/426","targetHints":{"allow":["GET"]}}],"collection":[{"href":"https:\/\/www.bismarckschule-servatiusschule.de\/index.php\/wp-json\/wp\/v2\/posts"}],"about":[{"href":"https:\/\/www.bismarckschule-servatiusschule.de\/index.php\/wp-json\/wp\/v2\/types\/post"}],"author":[{"embeddable":true,"href":"https:\/\/www.bismarckschule-servatiusschule.de\/index.php\/wp-json\/wp\/v2\/users\/2"}],"replies":[{"embeddable":true,"href":"https:\/\/www.bismarckschule-servatiusschule.de\/index.php\/wp-json\/wp\/v2\/comments?post=426"}],"version-history":[{"count":1,"href":"https:\/\/www.bismarckschule-servatiusschule.de\/index.php\/wp-json\/wp\/v2\/posts\/426\/revisions"}],"predecessor-version":[{"id":429,"href":"https:\/\/www.bismarckschule-servatiusschule.de\/index.php\/wp-json\/wp\/v2\/posts\/426\/revisions\/429"}],"wp:attachment":[{"href":"https:\/\/www.bismarckschule-servatiusschule.de\/index.php\/wp-json\/wp\/v2\/media?parent=426"}],"wp:term":[{"taxonomy":"category","embeddable":true,"href":"https:\/\/www.bismarckschule-servatiusschule.de\/index.php\/wp-json\/wp\/v2\/categories?post=426"},{"taxonomy":"post_tag","embeddable":true,"href":"https:\/\/www.bismarckschule-servatiusschule.de\/index.php\/wp-json\/wp\/v2\/tags?post=426"}],"curies":[{"name":"wp","href":"https:\/\/api.w.org\/{rel}","templated":true}]}}