{"id":431,"date":"2015-11-25T11:20:01","date_gmt":"2015-11-25T10:20:01","guid":{"rendered":"https:\/\/www.bismarckschule-servatiusschule.de\/?p=431"},"modified":"2015-11-25T11:20:01","modified_gmt":"2015-11-25T10:20:01","slug":"jahreshauptversammlung-foerderverein-bismarckschule","status":"publish","type":"post","link":"https:\/\/www.bismarckschule-servatiusschule.de\/index.php\/2015\/11\/25\/jahreshauptversammlung-foerderverein-bismarckschule\/","title":{"rendered":"Jahreshauptversammlung F\u00f6rderverein Bismarckschule"},"content":{"rendered":"<p>25.11.2015<\/p>\n<p>Der F\u00f6rderkreis der Bismarckschule hielt jetzt seine Jahreshauptversammlung ab. In harmonischer Atmosph\u00e4re wurden die Tagesordnungspunkte abgehandelt. Insgesamt stellt sich die Lage positiv dar. Die Mitgliederzahl ist im abgelaufenen Gesch\u00e4ftsjahr stabil geblieben, die finanzielle Situation vermochte auch zufriedenstellen.<\/p>\n<p>Der Vorsitzende Thomas Manig gab einen \u00dcberblick \u00fcber die Aktionen, die der F\u00f6rderkreis (mit)initiiert hat: An erster Stelle stand die Errichtung des Leseraums in der Schule; desweiteren wuden Dichterlesungen finanziert, Spielk\u00f6rbe f\u00fcr die Pausen erg\u00e4nzt, die Einrichtung der Homepage erm\u00f6glicht, bei Schulfesten mitgeholfen, um nur einige der wichtigsten Aktivit\u00e4ten zu erw\u00e4hnen.<\/p>\n<p>Der Schulleiter, Rektor Haas, bedankte sich im Namen der Kinder und des Kollegiums sehr herzlich beim Vorstand und den anderen Aktiven des Vereins.<\/p>\n<p>Da Herr Manig und sein Vertreter, Herr J\u00f6rg Hentschel, f\u00fcr eine weitere Wahlperiode nicht zur Verf\u00fcgung standen, wurde sie, nach Entlastung durch die Kassenpr\u00fcfer, vom Schulleiter mit einem kleinen Dankesch\u00f6n (Schnuckereien und Fl\u00fcssiges) f\u00fcr hervorragende ehrenamtliche T\u00e4tigkeiten zum Wohl der Kinder und der Schule in den vergangenen Jahren verabschiedet.<\/p>\n<p>Bei den Wahlen wurde Frau Berger einstimmig zur neuen Vorsitzenden gew\u00e4hlt, Herr Groetsch \u00fcbernahm den Posten als Stellvertreter (ebenfalls einstimmige Wahl). Als Kassierer wurde Herr Borlinghaus best\u00e4tigt, gleichfalls Frau Ellebrecht als Schriftf\u00fchrerin und die Damen Wondersch\u00fctz, Stelse und Schumacher (neu) als Beisitzerinnen, letzere in Abwesenheit nach vorher erfolgter Zustimmung.<\/p>\n<figure id=\"attachment_432\" aria-describedby=\"caption-attachment-432\" style=\"width: 300px\" class=\"wp-caption alignnone\"><a href=\"https:\/\/www.bismarckschule-servatiusschule.de\/wp-content\/uploads\/2015\/11\/manig-hentschel.gif\"><img loading=\"lazy\" decoding=\"async\" class=\"size-medium wp-image-432\" src=\"https:\/\/www.bismarckschule-servatiusschule.de\/wp-content\/uploads\/2015\/11\/manig-hentschel-300x233.gif\" alt=\"Die Herren Manig (mitte) und Hentschel (rechts) schieden auf eigenen Wunsch aus dem Vorstand aus.\" width=\"300\" height=\"233\" \/><\/a><figcaption id=\"caption-attachment-432\" class=\"wp-caption-text\">Die Herren Manig (mitte) und Hentschel (rechts) schieden auf eigenen Wunsch aus dem Vorstand aus.<\/figcaption><\/figure>\n<figure id=\"attachment_433\" aria-describedby=\"caption-attachment-433\" style=\"width: 300px\" class=\"wp-caption alignnone\"><a href=\"https:\/\/www.bismarckschule-servatiusschule.de\/wp-content\/uploads\/2015\/11\/vorstand-bismarck.gif\"><img loading=\"lazy\" decoding=\"async\" class=\"size-medium wp-image-433\" src=\"https:\/\/www.bismarckschule-servatiusschule.de\/wp-content\/uploads\/2015\/11\/vorstand-bismarck-300x176.gif\" alt=\"Der neue Vorstand (v.l.) Herr Borlinghaus, Frau Ellebrecht, Frau Berger, Herr Groetsch, Frau Wondersch\u00fctz\" width=\"300\" height=\"176\" \/><\/a><figcaption id=\"caption-attachment-433\" class=\"wp-caption-text\">Der neue Vorstand (v.l.) Herr Borlinghaus, Frau Ellebrecht, Frau Berger, Herr Groetsch, Frau Wondersch\u00fctz<\/figcaption><\/figure>\n","protected":false},"excerpt":{"rendered":"<p>25.11.2015 Der F\u00f6rderkreis der Bismarckschule hielt jetzt seine Jahreshauptversammlung ab. In harmonischer Atmosph\u00e4re wurden die Tagesordnungspunkte abgehandelt. Insgesamt stellt sich die Lage positiv dar. Die Mitgliederzahl ist im abgelaufenen Gesch\u00e4ftsjahr stabil geblieben, die finanzielle Situation vermochte auch zufriedenstellen. Der Vorsitzende Thomas Manig gab einen \u00dcberblick \u00fcber die Aktionen, die der F\u00f6rderkreis (mit)initiiert hat: An erster [&hellip;]<\/p>\n","protected":false},"author":2,"featured_media":0,"comment_status":"closed","ping_status":"open","sticky":false,"template":"","format":"standard","meta":{"footnotes":""},"categories":[1],"tags":[],"class_list":["post-431","post","type-post","status-publish","format-standard","hentry","category-allgemein"],"_links":{"self":[{"href":"https:\/\/www.bismarckschule-servatiusschule.de\/index.php\/wp-json\/wp\/v2\/posts\/431","targetHints":{"allow":["GET"]}}],"collection":[{"href":"https:\/\/www.bismarckschule-servatiusschule.de\/index.php\/wp-json\/wp\/v2\/posts"}],"about":[{"href":"https:\/\/www.bismarckschule-servatiusschule.de\/index.php\/wp-json\/wp\/v2\/types\/post"}],"author":[{"embeddable":true,"href":"https:\/\/www.bismarckschule-servatiusschule.de\/index.php\/wp-json\/wp\/v2\/users\/2"}],"replies":[{"embeddable":true,"href":"https:\/\/www.bismarckschule-servatiusschule.de\/index.php\/wp-json\/wp\/v2\/comments?post=431"}],"version-history":[{"count":1,"href":"https:\/\/www.bismarckschule-servatiusschule.de\/index.php\/wp-json\/wp\/v2\/posts\/431\/revisions"}],"predecessor-version":[{"id":434,"href":"https:\/\/www.bismarckschule-servatiusschule.de\/index.php\/wp-json\/wp\/v2\/posts\/431\/revisions\/434"}],"wp:attachment":[{"href":"https:\/\/www.bismarckschule-servatiusschule.de\/index.php\/wp-json\/wp\/v2\/media?parent=431"}],"wp:term":[{"taxonomy":"category","embeddable":true,"href":"https:\/\/www.bismarckschule-servatiusschule.de\/index.php\/wp-json\/wp\/v2\/categories?post=431"},{"taxonomy":"post_tag","embeddable":true,"href":"https:\/\/www.bismarckschule-servatiusschule.de\/index.php\/wp-json\/wp\/v2\/tags?post=431"}],"curies":[{"name":"wp","href":"https:\/\/api.w.org\/{rel}","templated":true}]}}