{"id":435,"date":"2015-11-30T10:30:37","date_gmt":"2015-11-30T09:30:37","guid":{"rendered":"https:\/\/www.bismarckschule-servatiusschule.de\/?p=435"},"modified":"2015-11-30T10:30:37","modified_gmt":"2015-11-30T09:30:37","slug":"adventliche-auffuehrung-in-der-bismarckschule","status":"publish","type":"post","link":"https:\/\/www.bismarckschule-servatiusschule.de\/index.php\/2015\/11\/30\/adventliche-auffuehrung-in-der-bismarckschule\/","title":{"rendered":"Adventliche Auff\u00fchrung in der Bismarckschule"},"content":{"rendered":"<p>30.11.2015<\/p>\n<p>Traditionell treffen sich montags nach einem Adventssonntag Sch\u00fcler\/innen und Lehrer\/innen in der Pausenhalle, um eine kleine Feier in der Vorweihnachtszeit zu veranstalten.<\/p>\n<p>Neben Liedern, die alle mitsingen k\u00f6nnen, bereicherten heute die Klassen 1a und 1b mit sch\u00f6nen Beitr\u00e4gen die Feier. Von der 1a h\u00f6rten wir das Lied &#8222;In der Weihnachtsb\u00e4ckerei&#8220; und ein kleines Gedicht, die 1b steuerte das Gedicht von James Kr\u00fcss &#8222;Die Weihnachtsmaus&#8220; bei.<\/p>\n<p><a href=\"https:\/\/www.bismarckschule-servatiusschule.de\/wp-content\/uploads\/2015\/11\/adv113.gif\"><img loading=\"lazy\" decoding=\"async\" class=\"alignnone size-medium wp-image-436\" src=\"https:\/\/www.bismarckschule-servatiusschule.de\/wp-content\/uploads\/2015\/11\/adv113-300x169.gif\" alt=\"adv113\" width=\"300\" height=\"169\" \/><\/a><\/p>\n<p>\u00dcber die Weihnachtsb\u00e4ckerei sang die 1a<\/p>\n<p>&nbsp;<\/p>\n<figure id=\"attachment_437\" aria-describedby=\"caption-attachment-437\" style=\"width: 300px\" class=\"wp-caption alignnone\"><a href=\"https:\/\/www.bismarckschule-servatiusschule.de\/wp-content\/uploads\/2015\/11\/adv111.gif\"><img loading=\"lazy\" decoding=\"async\" class=\"size-medium wp-image-437\" src=\"https:\/\/www.bismarckschule-servatiusschule.de\/wp-content\/uploads\/2015\/11\/adv111-300x169.gif\" alt=\"Die 1b erfreute die Zuh\u00f6rer mit der &quot;Weihnachtsmaus&quot;\" width=\"300\" height=\"169\" \/><\/a><figcaption id=\"caption-attachment-437\" class=\"wp-caption-text\">Die 1b erfreute die Zuh\u00f6rer mit der &#8222;Weihnachtsmaus&#8220;<\/figcaption><\/figure>\n<p>&nbsp;<\/p>\n<figure id=\"attachment_440\" aria-describedby=\"caption-attachment-440\" style=\"width: 300px\" class=\"wp-caption alignnone\"><a href=\"https:\/\/www.bismarckschule-servatiusschule.de\/wp-content\/uploads\/2015\/11\/adv112.gif\"><img loading=\"lazy\" decoding=\"async\" class=\"size-medium wp-image-440\" src=\"https:\/\/www.bismarckschule-servatiusschule.de\/wp-content\/uploads\/2015\/11\/adv112-300x169.gif\" alt=\"Gespannt und aufmerksam lauschten die Kinder den Auff\u00fchrungen\" width=\"300\" height=\"169\" \/><\/a><figcaption id=\"caption-attachment-440\" class=\"wp-caption-text\">Gespannt und aufmerksam lauschten die Kinder den Auff\u00fchrungen<\/figcaption><\/figure>\n","protected":false},"excerpt":{"rendered":"<p>30.11.2015 Traditionell treffen sich montags nach einem Adventssonntag Sch\u00fcler\/innen und Lehrer\/innen in der Pausenhalle, um eine kleine Feier in der Vorweihnachtszeit zu veranstalten. Neben Liedern, die alle mitsingen k\u00f6nnen, bereicherten heute die Klassen 1a und 1b mit sch\u00f6nen Beitr\u00e4gen die Feier. Von der 1a h\u00f6rten wir das Lied &#8222;In der Weihnachtsb\u00e4ckerei&#8220; und ein kleines Gedicht, [&hellip;]<\/p>\n","protected":false},"author":2,"featured_media":0,"comment_status":"closed","ping_status":"open","sticky":false,"template":"","format":"standard","meta":{"footnotes":""},"categories":[1],"tags":[],"class_list":["post-435","post","type-post","status-publish","format-standard","hentry","category-allgemein"],"_links":{"self":[{"href":"https:\/\/www.bismarckschule-servatiusschule.de\/index.php\/wp-json\/wp\/v2\/posts\/435","targetHints":{"allow":["GET"]}}],"collection":[{"href":"https:\/\/www.bismarckschule-servatiusschule.de\/index.php\/wp-json\/wp\/v2\/posts"}],"about":[{"href":"https:\/\/www.bismarckschule-servatiusschule.de\/index.php\/wp-json\/wp\/v2\/types\/post"}],"author":[{"embeddable":true,"href":"https:\/\/www.bismarckschule-servatiusschule.de\/index.php\/wp-json\/wp\/v2\/users\/2"}],"replies":[{"embeddable":true,"href":"https:\/\/www.bismarckschule-servatiusschule.de\/index.php\/wp-json\/wp\/v2\/comments?post=435"}],"version-history":[{"count":1,"href":"https:\/\/www.bismarckschule-servatiusschule.de\/index.php\/wp-json\/wp\/v2\/posts\/435\/revisions"}],"predecessor-version":[{"id":441,"href":"https:\/\/www.bismarckschule-servatiusschule.de\/index.php\/wp-json\/wp\/v2\/posts\/435\/revisions\/441"}],"wp:attachment":[{"href":"https:\/\/www.bismarckschule-servatiusschule.de\/index.php\/wp-json\/wp\/v2\/media?parent=435"}],"wp:term":[{"taxonomy":"category","embeddable":true,"href":"https:\/\/www.bismarckschule-servatiusschule.de\/index.php\/wp-json\/wp\/v2\/categories?post=435"},{"taxonomy":"post_tag","embeddable":true,"href":"https:\/\/www.bismarckschule-servatiusschule.de\/index.php\/wp-json\/wp\/v2\/tags?post=435"}],"curies":[{"name":"wp","href":"https:\/\/api.w.org\/{rel}","templated":true}]}}