{"id":442,"date":"2015-12-08T09:12:55","date_gmt":"2015-12-08T08:12:55","guid":{"rendered":"https:\/\/www.bismarckschule-servatiusschule.de\/?p=442"},"modified":"2015-12-08T09:18:42","modified_gmt":"2015-12-08T08:18:42","slug":"basteltag-in-der-servatiusschule","status":"publish","type":"post","link":"https:\/\/www.bismarckschule-servatiusschule.de\/index.php\/2015\/12\/08\/basteltag-in-der-servatiusschule\/","title":{"rendered":"Basteltag in der Servatiusschule"},"content":{"rendered":"<p>Zur Einstimmung in die festliche Weihnachtszeit veranstalteten die beiden Eingangsstufen (Klassen 1 und 2) der Servatius-Schule am 1.12.2015 einen Back- und Basteltag. W\u00e4hrend einige Kinder sich in der Weihnachtsb\u00e4ckerei bet\u00e4tigten und flei\u00dfig Kekse ausstachen, die sie mit VIELEN Streuseln verzierten, sorgten die anderen daf\u00fcr, dass die Dekoration auch die Schulr\u00e4ume erreichte. Der nackte Weihnachtsbaum im Schuleingang ist nun mit Walnusssternen und Girlanden geschm\u00fcckt und an den Fenstern der Klassenzimmer erstrahlen bunte H\u00e4userfassaden. Besonderer Dank geb\u00fchrt an dieser Stelle den engagierten Eltern,<a href=\"https:\/\/www.bismarckschule-servatiusschule.de\/wp-content\/uploads\/2015\/12\/bastel1.gif\"><img loading=\"lazy\" decoding=\"async\" class=\"size-medium wp-image-443 alignleft\" src=\"https:\/\/www.bismarckschule-servatiusschule.de\/wp-content\/uploads\/2015\/12\/bastel1-224x300.gif\" alt=\"bastel1\" width=\"224\" height=\"300\" srcset=\"https:\/\/www.bismarckschule-servatiusschule.de\/wp-content\/uploads\/2015\/12\/bastel1-224x300.gif 224w, https:\/\/www.bismarckschule-servatiusschule.de\/wp-content\/uploads\/2015\/12\/bastel1-765x1024.gif 765w\" sizes=\"auto, (max-width: 224px) 100vw, 224px\" \/><\/a> ohne deren Hilfe solche Tage nicht m\u00f6glich w\u00e4ren. Vielen Dank und Frohe Weihnachten!\u00a0\u00a0 <a href=\"https:\/\/www.bismarckschule-servatiusschule.de\/wp-content\/uploads\/2015\/12\/weihnachtsbaum-serv.gif\"><img loading=\"lazy\" decoding=\"async\" class=\"size-medium wp-image-445 alignright\" src=\"https:\/\/www.bismarckschule-servatiusschule.de\/wp-content\/uploads\/2015\/12\/weihnachtsbaum-serv-169x300.gif\" alt=\"weihnachtsbaum-serv\" width=\"169\" height=\"300\" \/><\/a><\/p>\n","protected":false},"excerpt":{"rendered":"<p>Zur Einstimmung in die festliche Weihnachtszeit veranstalteten die beiden Eingangsstufen (Klassen 1 und 2) der Servatius-Schule am 1.12.2015 einen Back- und Basteltag. W\u00e4hrend einige Kinder sich in der Weihnachtsb\u00e4ckerei bet\u00e4tigten und flei\u00dfig Kekse ausstachen, die sie mit VIELEN Streuseln verzierten, sorgten die anderen daf\u00fcr, dass die Dekoration auch die Schulr\u00e4ume erreichte. Der nackte Weihnachtsbaum im [&hellip;]<\/p>\n","protected":false},"author":2,"featured_media":0,"comment_status":"closed","ping_status":"open","sticky":false,"template":"","format":"standard","meta":{"footnotes":""},"categories":[1],"tags":[],"class_list":["post-442","post","type-post","status-publish","format-standard","hentry","category-allgemein"],"_links":{"self":[{"href":"https:\/\/www.bismarckschule-servatiusschule.de\/index.php\/wp-json\/wp\/v2\/posts\/442","targetHints":{"allow":["GET"]}}],"collection":[{"href":"https:\/\/www.bismarckschule-servatiusschule.de\/index.php\/wp-json\/wp\/v2\/posts"}],"about":[{"href":"https:\/\/www.bismarckschule-servatiusschule.de\/index.php\/wp-json\/wp\/v2\/types\/post"}],"author":[{"embeddable":true,"href":"https:\/\/www.bismarckschule-servatiusschule.de\/index.php\/wp-json\/wp\/v2\/users\/2"}],"replies":[{"embeddable":true,"href":"https:\/\/www.bismarckschule-servatiusschule.de\/index.php\/wp-json\/wp\/v2\/comments?post=442"}],"version-history":[{"count":3,"href":"https:\/\/www.bismarckschule-servatiusschule.de\/index.php\/wp-json\/wp\/v2\/posts\/442\/revisions"}],"predecessor-version":[{"id":447,"href":"https:\/\/www.bismarckschule-servatiusschule.de\/index.php\/wp-json\/wp\/v2\/posts\/442\/revisions\/447"}],"wp:attachment":[{"href":"https:\/\/www.bismarckschule-servatiusschule.de\/index.php\/wp-json\/wp\/v2\/media?parent=442"}],"wp:term":[{"taxonomy":"category","embeddable":true,"href":"https:\/\/www.bismarckschule-servatiusschule.de\/index.php\/wp-json\/wp\/v2\/categories?post=442"},{"taxonomy":"post_tag","embeddable":true,"href":"https:\/\/www.bismarckschule-servatiusschule.de\/index.php\/wp-json\/wp\/v2\/tags?post=442"}],"curies":[{"name":"wp","href":"https:\/\/api.w.org\/{rel}","templated":true}]}}