{"id":449,"date":"2015-12-21T10:57:59","date_gmt":"2015-12-21T09:57:59","guid":{"rendered":"https:\/\/www.bismarckschule-servatiusschule.de\/?p=449"},"modified":"2015-12-21T10:57:59","modified_gmt":"2015-12-21T09:57:59","slug":"weihnachtsfeier-in-der-servatiusschule","status":"publish","type":"post","link":"https:\/\/www.bismarckschule-servatiusschule.de\/index.php\/2015\/12\/21\/weihnachtsfeier-in-der-servatiusschule\/","title":{"rendered":"Weihnachtsfeier in der Servatiusschule"},"content":{"rendered":"<p>21.12.2015<\/p>\n<p>Heute Morgen empfingen Kinder und Kollegium der Servatiusschule viele Eltern zur traditionellen Weihnachtsfeier. Mit einem bunten Programm, an dem alle Kinder beteiligt waren, unterhielten die Sch\u00fcler und Sch\u00fclerinnen die G\u00e4ste. Viel Zeit hatten die Schulkinder und die Lehrerinnen investiert, damit auch alles klappte: Gedichte vortragen, Lieder singen und Instrumentaldarbietungen. Und so war es auch: Die &#8222;Kleinen&#8220; erhielten f\u00fcr ihre Darbietungen viel Beifall von den ca. 40 anwesenden Erwachsenen. Die musikalische Leitung lag in den H\u00e4nden der Kolleginnen Rahner und Bohms.<\/p>\n<p>An die ca. 45-min\u00fctige Feier im Foyer der Schule schloss sich ein Elterncaf\u00e9 an, zu dem die Schule eingeladen hatte. Es war erfreulich, dass sich doch viele Eltern trotz beruflicher T\u00e4tigkeit die Zeit genommen hatten, um einen kleinen Plausch zu halten.<\/p>\n<p>Gegen 10 Uhr wurde die Weihnachtsfeier beendet.<\/p>\n<p>Das Kollegium freute sich sehr, dass so viele Eltern gekommen waren.<\/p>\n<p><a href=\"https:\/\/www.bismarckschule-servatiusschule.de\/wp-content\/uploads\/2015\/12\/advent1-a.gif\"><img loading=\"lazy\" decoding=\"async\" class=\"alignnone size-medium wp-image-450\" src=\"https:\/\/www.bismarckschule-servatiusschule.de\/wp-content\/uploads\/2015\/12\/advent1-a-300x169.gif\" alt=\"advent1-a\" width=\"300\" height=\"169\" \/><\/a><\/p>\n<p>&#8222;In der Weihnachtsb\u00e4ckerei&#8220; waren Kinder aus den Jahrg\u00e4ngen 1 und 2.<\/p>\n<p>&nbsp;<\/p>\n<figure id=\"attachment_451\" aria-describedby=\"caption-attachment-451\" style=\"width: 300px\" class=\"wp-caption alignnone\"><a href=\"https:\/\/www.bismarckschule-servatiusschule.de\/wp-content\/uploads\/2015\/12\/advent2-ab.gif\"><img loading=\"lazy\" decoding=\"async\" class=\"size-medium wp-image-451\" src=\"https:\/\/www.bismarckschule-servatiusschule.de\/wp-content\/uploads\/2015\/12\/advent2-ab-300x169.gif\" alt=\"Viele Eltern waren zur Weihnachtsfeier gekommen und lauschten hier dem Beitrag der Klasse 4 &quot;Zum Advent&quot;\" width=\"300\" height=\"169\" \/><\/a><figcaption id=\"caption-attachment-451\" class=\"wp-caption-text\">Viele Eltern waren zur Weihnachtsfeier gekommen und lauschten hier dem Beitrag der Klasse 4 &#8222;Zum Advent&#8220;.<\/figcaption><\/figure>\n","protected":false},"excerpt":{"rendered":"<p>21.12.2015 Heute Morgen empfingen Kinder und Kollegium der Servatiusschule viele Eltern zur traditionellen Weihnachtsfeier. Mit einem bunten Programm, an dem alle Kinder beteiligt waren, unterhielten die Sch\u00fcler und Sch\u00fclerinnen die G\u00e4ste. Viel Zeit hatten die Schulkinder und die Lehrerinnen investiert, damit auch alles klappte: Gedichte vortragen, Lieder singen und Instrumentaldarbietungen. Und so war es auch: [&hellip;]<\/p>\n","protected":false},"author":2,"featured_media":0,"comment_status":"closed","ping_status":"open","sticky":false,"template":"","format":"standard","meta":{"footnotes":""},"categories":[1],"tags":[],"class_list":["post-449","post","type-post","status-publish","format-standard","hentry","category-allgemein"],"_links":{"self":[{"href":"https:\/\/www.bismarckschule-servatiusschule.de\/index.php\/wp-json\/wp\/v2\/posts\/449","targetHints":{"allow":["GET"]}}],"collection":[{"href":"https:\/\/www.bismarckschule-servatiusschule.de\/index.php\/wp-json\/wp\/v2\/posts"}],"about":[{"href":"https:\/\/www.bismarckschule-servatiusschule.de\/index.php\/wp-json\/wp\/v2\/types\/post"}],"author":[{"embeddable":true,"href":"https:\/\/www.bismarckschule-servatiusschule.de\/index.php\/wp-json\/wp\/v2\/users\/2"}],"replies":[{"embeddable":true,"href":"https:\/\/www.bismarckschule-servatiusschule.de\/index.php\/wp-json\/wp\/v2\/comments?post=449"}],"version-history":[{"count":1,"href":"https:\/\/www.bismarckschule-servatiusschule.de\/index.php\/wp-json\/wp\/v2\/posts\/449\/revisions"}],"predecessor-version":[{"id":452,"href":"https:\/\/www.bismarckschule-servatiusschule.de\/index.php\/wp-json\/wp\/v2\/posts\/449\/revisions\/452"}],"wp:attachment":[{"href":"https:\/\/www.bismarckschule-servatiusschule.de\/index.php\/wp-json\/wp\/v2\/media?parent=449"}],"wp:term":[{"taxonomy":"category","embeddable":true,"href":"https:\/\/www.bismarckschule-servatiusschule.de\/index.php\/wp-json\/wp\/v2\/categories?post=449"},{"taxonomy":"post_tag","embeddable":true,"href":"https:\/\/www.bismarckschule-servatiusschule.de\/index.php\/wp-json\/wp\/v2\/tags?post=449"}],"curies":[{"name":"wp","href":"https:\/\/api.w.org\/{rel}","templated":true}]}}