{"id":453,"date":"2015-12-23T10:12:44","date_gmt":"2015-12-23T09:12:44","guid":{"rendered":"https:\/\/www.bismarckschule-servatiusschule.de\/?p=453"},"modified":"2015-12-23T10:13:07","modified_gmt":"2015-12-23T09:13:07","slug":"heinzelmaennchen-in-der-bismarckschule","status":"publish","type":"post","link":"https:\/\/www.bismarckschule-servatiusschule.de\/index.php\/2015\/12\/23\/heinzelmaennchen-in-der-bismarckschule\/","title":{"rendered":"Heinzelm\u00e4nnchen in der Bismarckschule"},"content":{"rendered":"<p>Die Heinzelm\u00e4nnchen aus K\u00f6ln waren am Donnerstag, 17.12.2015, zu Gast in der Bismarckschule. Dargestellt wurden sie von den Schauspielern der Theater-AG, die das St\u00fcck \u201eDie Heinzelm\u00e4nnchen zu K\u00f6ln\u201c nach intensiver Probenarbeit in der Pausenhalle auf die B\u00fchne brachten. Die flei\u00dfigen M\u00e4nnlein halfen \u00fcber Nacht dem Zimmermann, in der B\u00e4ckerei und in der Schneiderei. Das w\u00e4re wohl auch lange noch gut gegangen, h\u00e4tte die Schneidersfrau nicht Erbsen ausgestreut, um die Heinzelm\u00e4nnchen zu \u00fcberlisten. So flohen diese von der Erde und kehrten niemals wieder.<br \/>\nVerdienter Applaus belohnte die Schauspieler und beendete eine unterhaltsame Auff\u00fchrung.<\/p>\n<p>&nbsp;<\/p>\n<figure id=\"attachment_454\" aria-describedby=\"caption-attachment-454\" style=\"width: 300px\" class=\"wp-caption aligncenter\"><a href=\"https:\/\/www.bismarckschule-servatiusschule.de\/wp-content\/uploads\/2015\/12\/heinzel1.gif\"><img loading=\"lazy\" decoding=\"async\" class=\"size-medium wp-image-454\" src=\"https:\/\/www.bismarckschule-servatiusschule.de\/wp-content\/uploads\/2015\/12\/heinzel1-300x182.gif\" alt=\"Foto: A. Sch\u00f6bel\" width=\"300\" height=\"182\" \/><\/a><figcaption id=\"caption-attachment-454\" class=\"wp-caption-text\">Foto: A. Sch\u00f6bel<\/figcaption><\/figure>\n<p>&nbsp;<\/p>\n<figure id=\"attachment_455\" aria-describedby=\"caption-attachment-455\" style=\"width: 300px\" class=\"wp-caption aligncenter\"><a href=\"https:\/\/www.bismarckschule-servatiusschule.de\/wp-content\/uploads\/2015\/12\/heinzel2.gif\"><img loading=\"lazy\" decoding=\"async\" class=\"size-medium wp-image-455\" src=\"https:\/\/www.bismarckschule-servatiusschule.de\/wp-content\/uploads\/2015\/12\/heinzel2-300x194.gif\" alt=\"Foto: A. Sch\u00f6bel\" width=\"300\" height=\"194\" \/><\/a><figcaption id=\"caption-attachment-455\" class=\"wp-caption-text\">Foto: A. Sch\u00f6bel<\/figcaption><\/figure>\n<p>&nbsp;<\/p>\n","protected":false},"excerpt":{"rendered":"<p>Die Heinzelm\u00e4nnchen aus K\u00f6ln waren am Donnerstag, 17.12.2015, zu Gast in der Bismarckschule. Dargestellt wurden sie von den Schauspielern der Theater-AG, die das St\u00fcck \u201eDie Heinzelm\u00e4nnchen zu K\u00f6ln\u201c nach intensiver Probenarbeit in der Pausenhalle auf die B\u00fchne brachten. Die flei\u00dfigen M\u00e4nnlein halfen \u00fcber Nacht dem Zimmermann, in der B\u00e4ckerei und in der Schneiderei. Das w\u00e4re [&hellip;]<\/p>\n","protected":false},"author":2,"featured_media":0,"comment_status":"closed","ping_status":"open","sticky":false,"template":"","format":"standard","meta":{"footnotes":""},"categories":[1],"tags":[],"class_list":["post-453","post","type-post","status-publish","format-standard","hentry","category-allgemein"],"_links":{"self":[{"href":"https:\/\/www.bismarckschule-servatiusschule.de\/index.php\/wp-json\/wp\/v2\/posts\/453","targetHints":{"allow":["GET"]}}],"collection":[{"href":"https:\/\/www.bismarckschule-servatiusschule.de\/index.php\/wp-json\/wp\/v2\/posts"}],"about":[{"href":"https:\/\/www.bismarckschule-servatiusschule.de\/index.php\/wp-json\/wp\/v2\/types\/post"}],"author":[{"embeddable":true,"href":"https:\/\/www.bismarckschule-servatiusschule.de\/index.php\/wp-json\/wp\/v2\/users\/2"}],"replies":[{"embeddable":true,"href":"https:\/\/www.bismarckschule-servatiusschule.de\/index.php\/wp-json\/wp\/v2\/comments?post=453"}],"version-history":[{"count":2,"href":"https:\/\/www.bismarckschule-servatiusschule.de\/index.php\/wp-json\/wp\/v2\/posts\/453\/revisions"}],"predecessor-version":[{"id":457,"href":"https:\/\/www.bismarckschule-servatiusschule.de\/index.php\/wp-json\/wp\/v2\/posts\/453\/revisions\/457"}],"wp:attachment":[{"href":"https:\/\/www.bismarckschule-servatiusschule.de\/index.php\/wp-json\/wp\/v2\/media?parent=453"}],"wp:term":[{"taxonomy":"category","embeddable":true,"href":"https:\/\/www.bismarckschule-servatiusschule.de\/index.php\/wp-json\/wp\/v2\/categories?post=453"},{"taxonomy":"post_tag","embeddable":true,"href":"https:\/\/www.bismarckschule-servatiusschule.de\/index.php\/wp-json\/wp\/v2\/tags?post=453"}],"curies":[{"name":"wp","href":"https:\/\/api.w.org\/{rel}","templated":true}]}}