{"id":492,"date":"2016-03-18T09:59:27","date_gmt":"2016-03-18T08:59:27","guid":{"rendered":"https:\/\/www.bismarckschule-servatiusschule.de\/?p=492"},"modified":"2016-03-18T10:02:50","modified_gmt":"2016-03-18T09:02:50","slug":"froehliches-fruehlingsfest-in-der-servatiusschule","status":"publish","type":"post","link":"https:\/\/www.bismarckschule-servatiusschule.de\/index.php\/2016\/03\/18\/froehliches-fruehlingsfest-in-der-servatiusschule\/","title":{"rendered":"Fr\u00f6hliches Fr\u00fchlingsfest in der Servatiusschule"},"content":{"rendered":"<p>Unter gro\u00dfer Beteiligung aller Kinder und Lehrer fand am Donnerstag, 17.3.2016, das gro\u00dfe Fr\u00fchlingsfest in der Servatiusschule statt. Viele Kinder bereicherten die Veranstaltung mit t\u00e4nzerischen und musikalischen Beitr\u00e4gen, auch Gedichte wurden vorgetragen.<\/p>\n<p>H\u00f6hepunkt aber war der Lesewettbewerb f\u00fcr die 3. und 4. Klasse. W\u00e4hrend das dritte Schuljahr bereits klassenintern die Sieger herausgefunden hatten, mussten die Teilnehmer aus der 4 live vor der Schulgemeinde einen ihnen bekannten und einen unbekannten Text vorlesen. Aufmerksam lauschte die aus 3 Eltern und einem Schulkind bestehende Jury den Vortr\u00e4gen. Letzlich war die Entscheidung knapp: Als Siegerin ging Linn hervor, gefolgt von Lucas und Nehir. Im dritten Jahrgang stand Charlotte oben auf dem Treppchen, Mia und Leonie waren die N\u00e4chstplazierten.<\/p>\n<p>Zahlreiche Eltern folgten den Darbietungen der Kinder mit gro\u00dfer Freude und spendeten gemeinsam mit den anderen Anwesenden den Protagonisten einen h\u00f6chstverdienten Applaus.<\/p>\n<figure id=\"attachment_493\" aria-describedby=\"caption-attachment-493\" style=\"width: 300px\" class=\"wp-caption alignnone\"><a href=\"https:\/\/www.bismarckschule-servatiusschule.de\/wp-content\/uploads\/2016\/03\/ft1.gif\"><img loading=\"lazy\" decoding=\"async\" class=\"size-medium wp-image-493\" src=\"https:\/\/www.bismarckschule-servatiusschule.de\/wp-content\/uploads\/2016\/03\/ft1-300x132.gif\" alt=\"Viele Zuschauer verfolgten aufgeregt das Geschehen.\" width=\"300\" height=\"132\" \/><\/a><figcaption id=\"caption-attachment-493\" class=\"wp-caption-text\">Viele Zuschauer verfolgten aufgeregt das Geschehen.<\/figcaption><\/figure>\n<p>&nbsp;<\/p>\n<figure id=\"attachment_494\" aria-describedby=\"caption-attachment-494\" style=\"width: 300px\" class=\"wp-caption alignnone\"><a href=\"https:\/\/www.bismarckschule-servatiusschule.de\/wp-content\/uploads\/2016\/03\/ft2.gif\"><img loading=\"lazy\" decoding=\"async\" class=\"size-medium wp-image-494\" src=\"https:\/\/www.bismarckschule-servatiusschule.de\/wp-content\/uploads\/2016\/03\/ft2-300x208.gif\" alt=\"Kinder aus Klasse 4 zeigten eine Tanzauff\u00fchrung.\" width=\"300\" height=\"208\" \/><\/a><figcaption id=\"caption-attachment-494\" class=\"wp-caption-text\">Kinder aus Klasse 4 zeigten eine Tanzauff\u00fchrung.<\/figcaption><\/figure>\n<p>&nbsp;<\/p>\n<figure id=\"attachment_495\" aria-describedby=\"caption-attachment-495\" style=\"width: 300px\" class=\"wp-caption alignnone\"><a href=\"https:\/\/www.bismarckschule-servatiusschule.de\/wp-content\/uploads\/2016\/03\/ft3.gif\"><img loading=\"lazy\" decoding=\"async\" class=\"size-medium wp-image-495\" src=\"https:\/\/www.bismarckschule-servatiusschule.de\/wp-content\/uploads\/2016\/03\/ft3-300x176.gif\" alt=\"Sieger und Siegerinnen im Lesewettbewerb.\" width=\"300\" height=\"176\" \/><\/a><figcaption id=\"caption-attachment-495\" class=\"wp-caption-text\">Sieger und Siegerinnen im Lesewettbewerb.<\/figcaption><\/figure>\n<p>&nbsp;<\/p>\n<figure id=\"attachment_496\" aria-describedby=\"caption-attachment-496\" style=\"width: 300px\" class=\"wp-caption alignnone\"><a href=\"https:\/\/www.bismarckschule-servatiusschule.de\/wp-content\/uploads\/2016\/03\/ft4.gif\"><img loading=\"lazy\" decoding=\"async\" class=\"size-medium wp-image-496\" src=\"https:\/\/www.bismarckschule-servatiusschule.de\/wp-content\/uploads\/2016\/03\/ft4-300x98.gif\" alt=\"Zum Abschluss sangen die Kinder &quot;Alle V\u00f6gel sind schon da.&quot;\" width=\"300\" height=\"98\" \/><\/a><figcaption id=\"caption-attachment-496\" class=\"wp-caption-text\">Zum Abschluss sangen die Kinder &#8222;Alle V\u00f6gel sind schon da.&#8220;<\/figcaption><\/figure>\n<p>&nbsp;<\/p>\n","protected":false},"excerpt":{"rendered":"<p>Unter gro\u00dfer Beteiligung aller Kinder und Lehrer fand am Donnerstag, 17.3.2016, das gro\u00dfe Fr\u00fchlingsfest in der Servatiusschule statt. Viele Kinder bereicherten die Veranstaltung mit t\u00e4nzerischen und musikalischen Beitr\u00e4gen, auch Gedichte wurden vorgetragen. H\u00f6hepunkt aber war der Lesewettbewerb f\u00fcr die 3. und 4. Klasse. W\u00e4hrend das dritte Schuljahr bereits klassenintern die Sieger herausgefunden hatten, mussten die [&hellip;]<\/p>\n","protected":false},"author":2,"featured_media":0,"comment_status":"closed","ping_status":"open","sticky":false,"template":"","format":"standard","meta":{"footnotes":""},"categories":[1],"tags":[],"class_list":["post-492","post","type-post","status-publish","format-standard","hentry","category-allgemein"],"_links":{"self":[{"href":"https:\/\/www.bismarckschule-servatiusschule.de\/index.php\/wp-json\/wp\/v2\/posts\/492","targetHints":{"allow":["GET"]}}],"collection":[{"href":"https:\/\/www.bismarckschule-servatiusschule.de\/index.php\/wp-json\/wp\/v2\/posts"}],"about":[{"href":"https:\/\/www.bismarckschule-servatiusschule.de\/index.php\/wp-json\/wp\/v2\/types\/post"}],"author":[{"embeddable":true,"href":"https:\/\/www.bismarckschule-servatiusschule.de\/index.php\/wp-json\/wp\/v2\/users\/2"}],"replies":[{"embeddable":true,"href":"https:\/\/www.bismarckschule-servatiusschule.de\/index.php\/wp-json\/wp\/v2\/comments?post=492"}],"version-history":[{"count":2,"href":"https:\/\/www.bismarckschule-servatiusschule.de\/index.php\/wp-json\/wp\/v2\/posts\/492\/revisions"}],"predecessor-version":[{"id":498,"href":"https:\/\/www.bismarckschule-servatiusschule.de\/index.php\/wp-json\/wp\/v2\/posts\/492\/revisions\/498"}],"wp:attachment":[{"href":"https:\/\/www.bismarckschule-servatiusschule.de\/index.php\/wp-json\/wp\/v2\/media?parent=492"}],"wp:term":[{"taxonomy":"category","embeddable":true,"href":"https:\/\/www.bismarckschule-servatiusschule.de\/index.php\/wp-json\/wp\/v2\/categories?post=492"},{"taxonomy":"post_tag","embeddable":true,"href":"https:\/\/www.bismarckschule-servatiusschule.de\/index.php\/wp-json\/wp\/v2\/tags?post=492"}],"curies":[{"name":"wp","href":"https:\/\/api.w.org\/{rel}","templated":true}]}}