{"id":520,"date":"2016-05-26T08:52:22","date_gmt":"2016-05-26T06:52:22","guid":{"rendered":"https:\/\/www.bismarckschule-servatiusschule.de\/?p=520"},"modified":"2016-05-26T08:52:22","modified_gmt":"2016-05-26T06:52:22","slug":"mannschaftswettkampf-entschieden","status":"publish","type":"post","link":"https:\/\/www.bismarckschule-servatiusschule.de\/index.php\/2016\/05\/26\/mannschaftswettkampf-entschieden\/","title":{"rendered":"Mannschaftswettkampf entschieden"},"content":{"rendered":"<p>Mit gro\u00dfem Einsatz k\u00e4mpften an zwei Tagen die 4a und 4b vom Standort Richelnkamp um die sportliche Krone.<\/p>\n<p>Zun\u00e4chst einmal hie\u00df es, in mehreren Schwimmdisziplinen die Oberhand zu behalten. Im R\u00e4ukep\u00fctt war hier die 4a vorne. Am zweiten Tag, dann in der Halle, ging es um Aktivit\u00e4ten beim Ger\u00e4teturnen, einigen leichtathletischen Disziplinen, bei Ballspielen und schlie\u00dflich war der Tanzwettbewerb als letzter Programmpunkt aufgerufen.<\/p>\n<p>Bei diesen Hallenwettk\u00e4mpfen konnte sich die 4b durchsetzen, so dass sie als verdienter Gesamtsieger in die Chronik der Schule eingeht.<\/p>\n<p>Organisiert hatte die Veranstaltung der Schulsportleiter Alexander Sch\u00f6bel, der auch f\u00fcr die Durchf\u00fchrung verantwortlich war. Er lobte das gro\u00dfe Engagement aller Kinder und die gezeigte Fairness. Auch die erbrachten Leistungen waren aus sportlicher Betrachtungsweise hervorragend. Daher gilt das Lob auch den Sport- und Klassenlehrerinnen Regina Wondersch\u00fctz und Ronja Lohmann.<\/p>\n<figure id=\"attachment_521\" aria-describedby=\"caption-attachment-521\" style=\"width: 300px\" class=\"wp-caption alignnone\"><a href=\"https:\/\/www.bismarckschule-servatiusschule.de\/wp-content\/uploads\/2016\/05\/vielseit3-e1464244892502.jpg\"><img loading=\"lazy\" decoding=\"async\" class=\"size-medium wp-image-521\" src=\"https:\/\/www.bismarckschule-servatiusschule.de\/wp-content\/uploads\/2016\/05\/vielseit3-300x169.jpg\" alt=\"Die 4b bei der Tanzdarbietung\" width=\"300\" height=\"169\" \/><\/a><figcaption id=\"caption-attachment-521\" class=\"wp-caption-text\">Die 4b bei der Tanzdarbietung<\/figcaption><\/figure>\n<figure id=\"attachment_523\" aria-describedby=\"caption-attachment-523\" style=\"width: 300px\" class=\"wp-caption alignnone\"><a href=\"https:\/\/www.bismarckschule-servatiusschule.de\/wp-content\/uploads\/2016\/05\/vielseit4.jpg\"><img loading=\"lazy\" decoding=\"async\" class=\"size-medium wp-image-523\" src=\"https:\/\/www.bismarckschule-servatiusschule.de\/wp-content\/uploads\/2016\/05\/vielseit4-300x169.jpg\" alt=\"Gelungene Choreografie der 4a\" width=\"300\" height=\"169\" srcset=\"https:\/\/www.bismarckschule-servatiusschule.de\/wp-content\/uploads\/2016\/05\/vielseit4-300x169.jpg 300w, https:\/\/www.bismarckschule-servatiusschule.de\/wp-content\/uploads\/2016\/05\/vielseit4-1024x576.jpg 1024w\" sizes=\"auto, (max-width: 300px) 100vw, 300px\" \/><\/a><figcaption id=\"caption-attachment-523\" class=\"wp-caption-text\">Gelungene Choreografie der 4a<\/figcaption><\/figure>\n<p>&nbsp;<\/p>\n<figure id=\"attachment_524\" aria-describedby=\"caption-attachment-524\" style=\"width: 300px\" class=\"wp-caption alignnone\"><a href=\"https:\/\/www.bismarckschule-servatiusschule.de\/wp-content\/uploads\/2016\/05\/vielseit1.jpg\"><img loading=\"lazy\" decoding=\"async\" class=\"size-medium wp-image-524\" src=\"https:\/\/www.bismarckschule-servatiusschule.de\/wp-content\/uploads\/2016\/05\/vielseit1-300x169.jpg\" alt=\"Auf dem 2. Platz: die 4a\" width=\"300\" height=\"169\" srcset=\"https:\/\/www.bismarckschule-servatiusschule.de\/wp-content\/uploads\/2016\/05\/vielseit1-300x169.jpg 300w, https:\/\/www.bismarckschule-servatiusschule.de\/wp-content\/uploads\/2016\/05\/vielseit1-1024x576.jpg 1024w\" sizes=\"auto, (max-width: 300px) 100vw, 300px\" \/><\/a><figcaption id=\"caption-attachment-524\" class=\"wp-caption-text\">Auf dem 2. Platz: die 4a<\/figcaption><\/figure>\n<p>&nbsp;<\/p>\n<figure id=\"attachment_526\" aria-describedby=\"caption-attachment-526\" style=\"width: 300px\" class=\"wp-caption alignnone\"><a href=\"https:\/\/www.bismarckschule-servatiusschule.de\/wp-content\/uploads\/2016\/05\/vielseit2.jpg\"><img loading=\"lazy\" decoding=\"async\" class=\"size-medium wp-image-526\" src=\"https:\/\/www.bismarckschule-servatiusschule.de\/wp-content\/uploads\/2016\/05\/vielseit2-300x181.jpg\" alt=\"Strahlender Sieger: die 4b\" width=\"300\" height=\"181\" srcset=\"https:\/\/www.bismarckschule-servatiusschule.de\/wp-content\/uploads\/2016\/05\/vielseit2-300x181.jpg 300w, https:\/\/www.bismarckschule-servatiusschule.de\/wp-content\/uploads\/2016\/05\/vielseit2-1024x617.jpg 1024w\" sizes=\"auto, (max-width: 300px) 100vw, 300px\" \/><\/a><figcaption id=\"caption-attachment-526\" class=\"wp-caption-text\">Strahlender Sieger: die 4b<\/figcaption><\/figure>\n","protected":false},"excerpt":{"rendered":"<p>Mit gro\u00dfem Einsatz k\u00e4mpften an zwei Tagen die 4a und 4b vom Standort Richelnkamp um die sportliche Krone. Zun\u00e4chst einmal hie\u00df es, in mehreren Schwimmdisziplinen die Oberhand zu behalten. Im R\u00e4ukep\u00fctt war hier die 4a vorne. Am zweiten Tag, dann in der Halle, ging es um Aktivit\u00e4ten beim Ger\u00e4teturnen, einigen leichtathletischen Disziplinen, bei Ballspielen und [&hellip;]<\/p>\n","protected":false},"author":2,"featured_media":0,"comment_status":"closed","ping_status":"open","sticky":false,"template":"","format":"standard","meta":{"footnotes":""},"categories":[1],"tags":[],"class_list":["post-520","post","type-post","status-publish","format-standard","hentry","category-allgemein"],"_links":{"self":[{"href":"https:\/\/www.bismarckschule-servatiusschule.de\/index.php\/wp-json\/wp\/v2\/posts\/520","targetHints":{"allow":["GET"]}}],"collection":[{"href":"https:\/\/www.bismarckschule-servatiusschule.de\/index.php\/wp-json\/wp\/v2\/posts"}],"about":[{"href":"https:\/\/www.bismarckschule-servatiusschule.de\/index.php\/wp-json\/wp\/v2\/types\/post"}],"author":[{"embeddable":true,"href":"https:\/\/www.bismarckschule-servatiusschule.de\/index.php\/wp-json\/wp\/v2\/users\/2"}],"replies":[{"embeddable":true,"href":"https:\/\/www.bismarckschule-servatiusschule.de\/index.php\/wp-json\/wp\/v2\/comments?post=520"}],"version-history":[{"count":1,"href":"https:\/\/www.bismarckschule-servatiusschule.de\/index.php\/wp-json\/wp\/v2\/posts\/520\/revisions"}],"predecessor-version":[{"id":527,"href":"https:\/\/www.bismarckschule-servatiusschule.de\/index.php\/wp-json\/wp\/v2\/posts\/520\/revisions\/527"}],"wp:attachment":[{"href":"https:\/\/www.bismarckschule-servatiusschule.de\/index.php\/wp-json\/wp\/v2\/media?parent=520"}],"wp:term":[{"taxonomy":"category","embeddable":true,"href":"https:\/\/www.bismarckschule-servatiusschule.de\/index.php\/wp-json\/wp\/v2\/categories?post=520"},{"taxonomy":"post_tag","embeddable":true,"href":"https:\/\/www.bismarckschule-servatiusschule.de\/index.php\/wp-json\/wp\/v2\/tags?post=520"}],"curies":[{"name":"wp","href":"https:\/\/api.w.org\/{rel}","templated":true}]}}