{"id":528,"date":"2016-06-05T08:54:58","date_gmt":"2016-06-05T06:54:58","guid":{"rendered":"https:\/\/www.bismarckschule-servatiusschule.de\/?p=528"},"modified":"2016-06-05T08:56:32","modified_gmt":"2016-06-05T06:56:32","slug":"gelungenes-schulfest","status":"publish","type":"post","link":"https:\/\/www.bismarckschule-servatiusschule.de\/index.php\/2016\/06\/05\/gelungenes-schulfest\/","title":{"rendered":"Gelungenes Schulfest"},"content":{"rendered":"<p>Bei strahlendem Sonnenschein feierte am Samstag die Bismarckschule ihr diesj\u00e4hriges Fest. Im Mittelpunkt der Veranstaltung am Richelnkamp standen sportliche Bet\u00e4tigungen, hatten sich doch die jeweiligen Klassenpflegschaften mehr oder weniger k\u00f6rperlich anstrengende Spiele f\u00fcr die Kinder ausgedacht, die von den Kleinen mit Eifer und Ehrgeiz bestritten wurden. Eierlaufen, bowlen, Kistenrennen standen u.a. neben einem gro\u00dfen Abenteuerparcours in der Turnhalle im Interesse der gro\u00dfen und kleinen Kinder. Auch die kommenden Schulanf\u00e4nger waren zahlreich vertreten. Diese Eltern nutzten die Gelegenheit, in einer knapp einst\u00fcndigen Schulf\u00fchrung die Besonderheiten des Hauses kennenzulernen. Auch der F\u00f6rderverein bot eine solche F\u00fchrung an, um den Interessierten den Leseraum und den Computerraum vorzustellen, entstanden durch Initiative und Mittel des F\u00f6rdervereins in den letzten 2 Jahren.<\/p>\n<p>Viele flei\u00dfige Helfer aus dem Elternkreis sorgten daf\u00fcr, dass das Fest viel Ansprechendes bot, und so war der Besucherstrom auch sehr erfreulich. Der W\u00fcrstchenstand und die Cafeteria mit leckeren Torten und Kuchen waren am Ende des Festes &#8222;leergegessen&#8220;. Auch das Eis lie\u00dfen sich vornehmlich die Kinder schmecken.<\/p>\n<p>\u00dcber den erzielten Gewinn werden sich demn\u00e4chst die Kinder freuen k\u00f6nnen, dient er doch dazu, den Schulhof noch schmucker zu gestalten. Diese Versch\u00f6nerung soll zu Beginn des neuen Schuljahres fertig gestellt sein.<\/p>\n<p>Die Schulleitung bedankt sich sehr herzlich bei den helfenden Eltern und den (Kuchen)spendern wie auch beim F\u00f6rderverein f\u00fcr sein Engagement.<\/p>\n<p>&nbsp;<\/p>\n","protected":false},"excerpt":{"rendered":"<p>Bei strahlendem Sonnenschein feierte am Samstag die Bismarckschule ihr diesj\u00e4hriges Fest. Im Mittelpunkt der Veranstaltung am Richelnkamp standen sportliche Bet\u00e4tigungen, hatten sich doch die jeweiligen Klassenpflegschaften mehr oder weniger k\u00f6rperlich anstrengende Spiele f\u00fcr die Kinder ausgedacht, die von den Kleinen mit Eifer und Ehrgeiz bestritten wurden. Eierlaufen, bowlen, Kistenrennen standen u.a. neben einem gro\u00dfen Abenteuerparcours [&hellip;]<\/p>\n","protected":false},"author":2,"featured_media":0,"comment_status":"closed","ping_status":"open","sticky":false,"template":"","format":"standard","meta":{"footnotes":""},"categories":[1],"tags":[],"class_list":["post-528","post","type-post","status-publish","format-standard","hentry","category-allgemein"],"_links":{"self":[{"href":"https:\/\/www.bismarckschule-servatiusschule.de\/index.php\/wp-json\/wp\/v2\/posts\/528","targetHints":{"allow":["GET"]}}],"collection":[{"href":"https:\/\/www.bismarckschule-servatiusschule.de\/index.php\/wp-json\/wp\/v2\/posts"}],"about":[{"href":"https:\/\/www.bismarckschule-servatiusschule.de\/index.php\/wp-json\/wp\/v2\/types\/post"}],"author":[{"embeddable":true,"href":"https:\/\/www.bismarckschule-servatiusschule.de\/index.php\/wp-json\/wp\/v2\/users\/2"}],"replies":[{"embeddable":true,"href":"https:\/\/www.bismarckschule-servatiusschule.de\/index.php\/wp-json\/wp\/v2\/comments?post=528"}],"version-history":[{"count":2,"href":"https:\/\/www.bismarckschule-servatiusschule.de\/index.php\/wp-json\/wp\/v2\/posts\/528\/revisions"}],"predecessor-version":[{"id":530,"href":"https:\/\/www.bismarckschule-servatiusschule.de\/index.php\/wp-json\/wp\/v2\/posts\/528\/revisions\/530"}],"wp:attachment":[{"href":"https:\/\/www.bismarckschule-servatiusschule.de\/index.php\/wp-json\/wp\/v2\/media?parent=528"}],"wp:term":[{"taxonomy":"category","embeddable":true,"href":"https:\/\/www.bismarckschule-servatiusschule.de\/index.php\/wp-json\/wp\/v2\/categories?post=528"},{"taxonomy":"post_tag","embeddable":true,"href":"https:\/\/www.bismarckschule-servatiusschule.de\/index.php\/wp-json\/wp\/v2\/tags?post=528"}],"curies":[{"name":"wp","href":"https:\/\/api.w.org\/{rel}","templated":true}]}}