{"id":555,"date":"2016-12-07T10:01:06","date_gmt":"2016-12-07T09:01:06","guid":{"rendered":"https:\/\/www.bismarckschule-servatiusschule.de\/?p=555"},"modified":"2016-12-07T10:01:31","modified_gmt":"2016-12-07T09:01:31","slug":"bismarckschule-auf-dem-weihnachtsmarkt","status":"publish","type":"post","link":"https:\/\/www.bismarckschule-servatiusschule.de\/index.php\/2016\/12\/07\/bismarckschule-auf-dem-weihnachtsmarkt\/","title":{"rendered":"Bismarckschule auf dem Weihnachtsmarkt"},"content":{"rendered":"<p>Am 2. Adventswochenende beteiligte sich die Bismarckschule am Weihnachtsmarkt rund um die Margarethenkirche. Traditionell betreuten Eltern und Kollegium die Cafeteria im Lutherhaus. Mit zahlreichen Torten und Kuchen, die Eltern gespendet hatten, konnte die Schule den G\u00e4sten ein reichhaltiges Angebot machen. Sehr variantenreich und lecker: Diese Attribute bestimmten die s\u00fc\u00dfen Dinge, die gro\u00dfe Zustimmung bei den Besuchern erhielten. Ein herzliches Dankesch\u00f6n an die Spenderinnen und an den F\u00f6rderverein, der f\u00fcr die gelungene Organisation zust\u00e4ndig war.<\/p>\n<p>&nbsp;<\/p>\n<p>Auch einige Kinder trugen mit ihrem Singspiel zu einem respektablen Programm des Marktes bei. &#8222;Der neue Stern&#8220; hei\u00dft das St\u00fcck, das die wegen der Temperatur leicht\u00a0 frierenden Kinder dennoch hervorragend den zahlreichen Zuschauern boten. Klar und deutlich waren Gesang und Sprache der jungen Schauspieler aus der Klasse 4a der Schule, die das St\u00fcck mit ihrer Klassenlehrerin M. Neunz vorbereitet hatten. Unterst\u00fctzt wurden sie von den Kolleginnen R. Wondersch\u00fctz und H. Willems. Ein gro\u00dfer, anhaltender Applaus der Zuschauer war das verdiente Brot f\u00fcr die Jungen und M\u00e4dchen.<\/p>\n<p><a href=\"https:\/\/www.bismarckschule-servatiusschule.de\/wp-content\/uploads\/2016\/12\/weihnachtsmarkt1.gif\"><img loading=\"lazy\" decoding=\"async\" class=\"alignnone size-medium wp-image-556\" src=\"https:\/\/www.bismarckschule-servatiusschule.de\/wp-content\/uploads\/2016\/12\/weihnachtsmarkt1-300x169.gif\" alt=\"weihnachtsmarkt1\" width=\"300\" height=\"169\" srcset=\"https:\/\/www.bismarckschule-servatiusschule.de\/wp-content\/uploads\/2016\/12\/weihnachtsmarkt1-300x169.gif 300w, https:\/\/www.bismarckschule-servatiusschule.de\/wp-content\/uploads\/2016\/12\/weihnachtsmarkt1-768x432.gif 768w\" sizes=\"auto, (max-width: 300px) 100vw, 300px\" \/><\/a><\/p>\n<p><a href=\"https:\/\/www.bismarckschule-servatiusschule.de\/wp-content\/uploads\/2016\/12\/weihnachtsmarkt2.gif\"><img loading=\"lazy\" decoding=\"async\" class=\"alignnone size-medium wp-image-557\" src=\"https:\/\/www.bismarckschule-servatiusschule.de\/wp-content\/uploads\/2016\/12\/weihnachtsmarkt2-300x169.gif\" alt=\"weihnachtsmarkt2\" width=\"300\" height=\"169\" srcset=\"https:\/\/www.bismarckschule-servatiusschule.de\/wp-content\/uploads\/2016\/12\/weihnachtsmarkt2-300x169.gif 300w, https:\/\/www.bismarckschule-servatiusschule.de\/wp-content\/uploads\/2016\/12\/weihnachtsmarkt2-768x432.gif 768w\" sizes=\"auto, (max-width: 300px) 100vw, 300px\" \/><\/a><\/p>\n","protected":false},"excerpt":{"rendered":"<p>Am 2. Adventswochenende beteiligte sich die Bismarckschule am Weihnachtsmarkt rund um die Margarethenkirche. Traditionell betreuten Eltern und Kollegium die Cafeteria im Lutherhaus. Mit zahlreichen Torten und Kuchen, die Eltern gespendet hatten, konnte die Schule den G\u00e4sten ein reichhaltiges Angebot machen. Sehr variantenreich und lecker: Diese Attribute bestimmten die s\u00fc\u00dfen Dinge, die gro\u00dfe Zustimmung bei den [&hellip;]<\/p>\n","protected":false},"author":2,"featured_media":0,"comment_status":"closed","ping_status":"open","sticky":false,"template":"","format":"standard","meta":{"footnotes":""},"categories":[1],"tags":[],"class_list":["post-555","post","type-post","status-publish","format-standard","hentry","category-allgemein"],"_links":{"self":[{"href":"https:\/\/www.bismarckschule-servatiusschule.de\/index.php\/wp-json\/wp\/v2\/posts\/555","targetHints":{"allow":["GET"]}}],"collection":[{"href":"https:\/\/www.bismarckschule-servatiusschule.de\/index.php\/wp-json\/wp\/v2\/posts"}],"about":[{"href":"https:\/\/www.bismarckschule-servatiusschule.de\/index.php\/wp-json\/wp\/v2\/types\/post"}],"author":[{"embeddable":true,"href":"https:\/\/www.bismarckschule-servatiusschule.de\/index.php\/wp-json\/wp\/v2\/users\/2"}],"replies":[{"embeddable":true,"href":"https:\/\/www.bismarckschule-servatiusschule.de\/index.php\/wp-json\/wp\/v2\/comments?post=555"}],"version-history":[{"count":3,"href":"https:\/\/www.bismarckschule-servatiusschule.de\/index.php\/wp-json\/wp\/v2\/posts\/555\/revisions"}],"predecessor-version":[{"id":560,"href":"https:\/\/www.bismarckschule-servatiusschule.de\/index.php\/wp-json\/wp\/v2\/posts\/555\/revisions\/560"}],"wp:attachment":[{"href":"https:\/\/www.bismarckschule-servatiusschule.de\/index.php\/wp-json\/wp\/v2\/media?parent=555"}],"wp:term":[{"taxonomy":"category","embeddable":true,"href":"https:\/\/www.bismarckschule-servatiusschule.de\/index.php\/wp-json\/wp\/v2\/categories?post=555"},{"taxonomy":"post_tag","embeddable":true,"href":"https:\/\/www.bismarckschule-servatiusschule.de\/index.php\/wp-json\/wp\/v2\/tags?post=555"}],"curies":[{"name":"wp","href":"https:\/\/api.w.org\/{rel}","templated":true}]}}