{"id":566,"date":"2016-12-16T09:44:55","date_gmt":"2016-12-16T08:44:55","guid":{"rendered":"https:\/\/www.bismarckschule-servatiusschule.de\/?p=566"},"modified":"2016-12-16T09:44:55","modified_gmt":"2016-12-16T08:44:55","slug":"adventsfeier-in-der-bismarckschule","status":"publish","type":"post","link":"https:\/\/www.bismarckschule-servatiusschule.de\/index.php\/2016\/12\/16\/adventsfeier-in-der-bismarckschule\/","title":{"rendered":"Adventsfeier in der Bismarckschule"},"content":{"rendered":"<p>Zum ersten Mal veranstaltete die Bismarckschule am Standort Richelnkamp eine gemeinsame Weihnachtsfeier mit allen Klassen. Zudem waren auch die Eltern der Schulgemeinde eingeladen. So versammelten sich am fr\u00fchen Montagmorgen \u00fcber 200 Kinder, die Lehrerinnen und an die 30 Eltern in der Pausenhalle.<\/p>\n<p><a href=\"https:\/\/www.bismarckschule-servatiusschule.de\/wp-content\/uploads\/2016\/12\/feier2.gif\"><img loading=\"lazy\" decoding=\"async\" class=\"alignnone size-medium wp-image-568\" src=\"https:\/\/www.bismarckschule-servatiusschule.de\/wp-content\/uploads\/2016\/12\/feier2-300x169.gif\" alt=\"feier2\" width=\"300\" height=\"169\" srcset=\"https:\/\/www.bismarckschule-servatiusschule.de\/wp-content\/uploads\/2016\/12\/feier2-300x169.gif 300w, https:\/\/www.bismarckschule-servatiusschule.de\/wp-content\/uploads\/2016\/12\/feier2-768x432.gif 768w\" sizes=\"auto, (max-width: 300px) 100vw, 300px\" \/><\/a><\/p>\n<p><a href=\"https:\/\/www.bismarckschule-servatiusschule.de\/wp-content\/uploads\/2016\/12\/feier1.gif\"><img loading=\"lazy\" decoding=\"async\" class=\"alignnone size-medium wp-image-570\" src=\"https:\/\/www.bismarckschule-servatiusschule.de\/wp-content\/uploads\/2016\/12\/feier1-300x231.gif\" alt=\"feier1\" width=\"300\" height=\"231\" srcset=\"https:\/\/www.bismarckschule-servatiusschule.de\/wp-content\/uploads\/2016\/12\/feier1-300x231.gif 300w, https:\/\/www.bismarckschule-servatiusschule.de\/wp-content\/uploads\/2016\/12\/feier1-768x591.gif 768w\" sizes=\"auto, (max-width: 300px) 100vw, 300px\" \/><\/a><\/p>\n<p>Alle Kinder hatten mit ihren Lehrerinnen sch\u00f6ne St\u00fccke zur Weihnachtsfeier einge\u00fcbt, musikalische und Wortbeitr\u00e4ge wechselten einander ab. Zwischendurch lud die Lehrerin Silvia Witulski die Zuschauer ein, gemeinsam Weihnachtslieder zu singen.<\/p>\n<p>Aufgeregt waren die Kinder schon: Ob ihre Auff\u00fchrung wohl den anderen gefiel, fragten sie sich. Aber die Sorgen waren unbegr\u00fcndet: Alles klappte, und dass die Programmpunkte gefielen, zeigte sich am donnernden Applaus der Zuschauer.<\/p>\n<p><a href=\"https:\/\/www.bismarckschule-servatiusschule.de\/wp-content\/uploads\/2016\/12\/feier3.gif\"><img loading=\"lazy\" decoding=\"async\" class=\"alignnone size-medium wp-image-569\" src=\"https:\/\/www.bismarckschule-servatiusschule.de\/wp-content\/uploads\/2016\/12\/feier3-300x169.gif\" alt=\"feier3\" width=\"300\" height=\"169\" srcset=\"https:\/\/www.bismarckschule-servatiusschule.de\/wp-content\/uploads\/2016\/12\/feier3-300x169.gif 300w, https:\/\/www.bismarckschule-servatiusschule.de\/wp-content\/uploads\/2016\/12\/feier3-768x432.gif 768w\" sizes=\"auto, (max-width: 300px) 100vw, 300px\" \/><\/a><\/p>\n<p>Am Ende der gut einst\u00fcndigen Veranstaltung \u00fcbereichte der Schulleiter E. Haas der Kollegin Witulski mit herzlichem Dank eine Ehrenurkunde f\u00fcr 40 Jahre T\u00e4tigkeit im Schuldienst. Pers\u00f6nlich unterschrieben hatten dieses Dokument die Ministerpr\u00e4sidentin des Landes NRW, Frau Kraft, und die Schulministerin Frau L\u00f6hrmann.<\/p>\n","protected":false},"excerpt":{"rendered":"<p>Zum ersten Mal veranstaltete die Bismarckschule am Standort Richelnkamp eine gemeinsame Weihnachtsfeier mit allen Klassen. Zudem waren auch die Eltern der Schulgemeinde eingeladen. So versammelten sich am fr\u00fchen Montagmorgen \u00fcber 200 Kinder, die Lehrerinnen und an die 30 Eltern in der Pausenhalle. Alle Kinder hatten mit ihren Lehrerinnen sch\u00f6ne St\u00fccke zur Weihnachtsfeier einge\u00fcbt, musikalische und [&hellip;]<\/p>\n","protected":false},"author":2,"featured_media":0,"comment_status":"closed","ping_status":"open","sticky":false,"template":"","format":"standard","meta":{"footnotes":""},"categories":[1],"tags":[],"class_list":["post-566","post","type-post","status-publish","format-standard","hentry","category-allgemein"],"_links":{"self":[{"href":"https:\/\/www.bismarckschule-servatiusschule.de\/index.php\/wp-json\/wp\/v2\/posts\/566","targetHints":{"allow":["GET"]}}],"collection":[{"href":"https:\/\/www.bismarckschule-servatiusschule.de\/index.php\/wp-json\/wp\/v2\/posts"}],"about":[{"href":"https:\/\/www.bismarckschule-servatiusschule.de\/index.php\/wp-json\/wp\/v2\/types\/post"}],"author":[{"embeddable":true,"href":"https:\/\/www.bismarckschule-servatiusschule.de\/index.php\/wp-json\/wp\/v2\/users\/2"}],"replies":[{"embeddable":true,"href":"https:\/\/www.bismarckschule-servatiusschule.de\/index.php\/wp-json\/wp\/v2\/comments?post=566"}],"version-history":[{"count":2,"href":"https:\/\/www.bismarckschule-servatiusschule.de\/index.php\/wp-json\/wp\/v2\/posts\/566\/revisions"}],"predecessor-version":[{"id":571,"href":"https:\/\/www.bismarckschule-servatiusschule.de\/index.php\/wp-json\/wp\/v2\/posts\/566\/revisions\/571"}],"wp:attachment":[{"href":"https:\/\/www.bismarckschule-servatiusschule.de\/index.php\/wp-json\/wp\/v2\/media?parent=566"}],"wp:term":[{"taxonomy":"category","embeddable":true,"href":"https:\/\/www.bismarckschule-servatiusschule.de\/index.php\/wp-json\/wp\/v2\/categories?post=566"},{"taxonomy":"post_tag","embeddable":true,"href":"https:\/\/www.bismarckschule-servatiusschule.de\/index.php\/wp-json\/wp\/v2\/tags?post=566"}],"curies":[{"name":"wp","href":"https:\/\/api.w.org\/{rel}","templated":true}]}}