{"id":572,"date":"2017-01-13T09:09:26","date_gmt":"2017-01-13T08:09:26","guid":{"rendered":"https:\/\/www.bismarckschule-servatiusschule.de\/?p=572"},"modified":"2017-01-13T09:09:26","modified_gmt":"2017-01-13T08:09:26","slug":"extreme-wetterlagen","status":"publish","type":"post","link":"https:\/\/www.bismarckschule-servatiusschule.de\/index.php\/2017\/01\/13\/extreme-wetterlagen\/","title":{"rendered":"Extreme Wetterlagen"},"content":{"rendered":"<p>Es sei noch einmal darauf hingewiesen, dass wir die Schule bei z. B. extremen Witterungsverh\u00e4ltnissen nur dann komplett schlie\u00dfen d\u00fcrfen, wenn das Schulministerium dies anordnet. Dann findet auch keine Betreuung statt.<\/p>\n<p>Davon unbenommen ist das Recht der Eltern, bei solchen Wetterverh\u00e4ltnissen selbst zu entscheiden, ob sie ihr Kind zur Schule schicken. Kriterium ist z. B. eine Unwetterwarnung des Wetterdienstes in den Kategorien\u00a0 &#8222;rot&#8220; bis &#8222;lila&#8220;. Eltern haben dann die Schule \u00fcber das Fernbleiben zu informieren. Buskinder sind automatisch entschuldigt, wenn die Busunternehmen nicht fahren k\u00f6nnen.<\/p>\n","protected":false},"excerpt":{"rendered":"<p>Es sei noch einmal darauf hingewiesen, dass wir die Schule bei z. B. extremen Witterungsverh\u00e4ltnissen nur dann komplett schlie\u00dfen d\u00fcrfen, wenn das Schulministerium dies anordnet. Dann findet auch keine Betreuung statt. Davon unbenommen ist das Recht der Eltern, bei solchen Wetterverh\u00e4ltnissen selbst zu entscheiden, ob sie ihr Kind zur Schule schicken. Kriterium ist z. B. [&hellip;]<\/p>\n","protected":false},"author":2,"featured_media":0,"comment_status":"closed","ping_status":"open","sticky":false,"template":"","format":"standard","meta":{"footnotes":""},"categories":[1],"tags":[],"class_list":["post-572","post","type-post","status-publish","format-standard","hentry","category-allgemein"],"_links":{"self":[{"href":"https:\/\/www.bismarckschule-servatiusschule.de\/index.php\/wp-json\/wp\/v2\/posts\/572","targetHints":{"allow":["GET"]}}],"collection":[{"href":"https:\/\/www.bismarckschule-servatiusschule.de\/index.php\/wp-json\/wp\/v2\/posts"}],"about":[{"href":"https:\/\/www.bismarckschule-servatiusschule.de\/index.php\/wp-json\/wp\/v2\/types\/post"}],"author":[{"embeddable":true,"href":"https:\/\/www.bismarckschule-servatiusschule.de\/index.php\/wp-json\/wp\/v2\/users\/2"}],"replies":[{"embeddable":true,"href":"https:\/\/www.bismarckschule-servatiusschule.de\/index.php\/wp-json\/wp\/v2\/comments?post=572"}],"version-history":[{"count":1,"href":"https:\/\/www.bismarckschule-servatiusschule.de\/index.php\/wp-json\/wp\/v2\/posts\/572\/revisions"}],"predecessor-version":[{"id":573,"href":"https:\/\/www.bismarckschule-servatiusschule.de\/index.php\/wp-json\/wp\/v2\/posts\/572\/revisions\/573"}],"wp:attachment":[{"href":"https:\/\/www.bismarckschule-servatiusschule.de\/index.php\/wp-json\/wp\/v2\/media?parent=572"}],"wp:term":[{"taxonomy":"category","embeddable":true,"href":"https:\/\/www.bismarckschule-servatiusschule.de\/index.php\/wp-json\/wp\/v2\/categories?post=572"},{"taxonomy":"post_tag","embeddable":true,"href":"https:\/\/www.bismarckschule-servatiusschule.de\/index.php\/wp-json\/wp\/v2\/tags?post=572"}],"curies":[{"name":"wp","href":"https:\/\/api.w.org\/{rel}","templated":true}]}}