{"id":574,"date":"2017-01-18T09:38:15","date_gmt":"2017-01-18T08:38:15","guid":{"rendered":"https:\/\/www.bismarckschule-servatiusschule.de\/?p=574"},"modified":"2017-01-18T09:38:15","modified_gmt":"2017-01-18T08:38:15","slug":"schlittenfahrt-in-roensahl","status":"publish","type":"post","link":"https:\/\/www.bismarckschule-servatiusschule.de\/index.php\/2017\/01\/18\/schlittenfahrt-in-roensahl\/","title":{"rendered":"Schlittenfahrt in R\u00f6nsahl"},"content":{"rendered":"<p>Herrliches Winterwetter herrscht seit einigen Tagen in unserer Gegend, verlockend zum Rausgehen in warmer Kleidung. Das Kollegium der Servatiusschule hatte die Idee, den Schulkindern auch ein solches Erlebnis zu verschaffen, und so wurde kurzfristig ein halber Schneewandertag eingerichtet.<\/p>\n<p><a href=\"https:\/\/www.bismarckschule-servatiusschule.de\/wp-content\/uploads\/2017\/01\/schnee1.gif\"><img loading=\"lazy\" decoding=\"async\" class=\"alignnone size-medium wp-image-575\" src=\"https:\/\/www.bismarckschule-servatiusschule.de\/wp-content\/uploads\/2017\/01\/schnee1-300x169.gif\" alt=\"schnee1\" width=\"300\" height=\"169\" srcset=\"https:\/\/www.bismarckschule-servatiusschule.de\/wp-content\/uploads\/2017\/01\/schnee1-300x169.gif 300w, https:\/\/www.bismarckschule-servatiusschule.de\/wp-content\/uploads\/2017\/01\/schnee1-768x433.gif 768w\" sizes=\"auto, (max-width: 300px) 100vw, 300px\" \/><\/a><\/p>\n<p>Mit Sack und Pack, sprich Schlitten und anderem Rodelger\u00e4t, gingen die Kinder und Lehrerinnen zur Wiese bei der Stra\u00dfe &#8222;Am Mettberg&#8220;. Ein wundervolles Gel\u00e4nde zum Schlittenfahren.<\/p>\n<p><a href=\"https:\/\/www.bismarckschule-servatiusschule.de\/wp-content\/uploads\/2017\/01\/schnne3.gif\"><img loading=\"lazy\" decoding=\"async\" class=\"alignnone size-medium wp-image-576\" src=\"https:\/\/www.bismarckschule-servatiusschule.de\/wp-content\/uploads\/2017\/01\/schnne3-300x169.gif\" alt=\"schnne3\" width=\"300\" height=\"169\" srcset=\"https:\/\/www.bismarckschule-servatiusschule.de\/wp-content\/uploads\/2017\/01\/schnne3-300x169.gif 300w, https:\/\/www.bismarckschule-servatiusschule.de\/wp-content\/uploads\/2017\/01\/schnne3-768x432.gif 768w\" sizes=\"auto, (max-width: 300px) 100vw, 300px\" \/><\/a><\/p>\n<p>Alle hatten ihren Spa\u00df, kalte H\u00e4nde und Nasen inbegriffen. Nach ungef\u00e4hr zwei Stunden war dann der Spa\u00df vorbei, und alle gingen mit Frischluft betankt zur\u00fcck zur Schule.<\/p>\n<p><a href=\"https:\/\/www.bismarckschule-servatiusschule.de\/wp-content\/uploads\/2017\/01\/schnne2.gif\"><img loading=\"lazy\" decoding=\"async\" class=\"alignnone size-medium wp-image-577\" src=\"https:\/\/www.bismarckschule-servatiusschule.de\/wp-content\/uploads\/2017\/01\/schnne2-300x189.gif\" alt=\"schnne2\" width=\"300\" height=\"189\" srcset=\"https:\/\/www.bismarckschule-servatiusschule.de\/wp-content\/uploads\/2017\/01\/schnne2-300x189.gif 300w, https:\/\/www.bismarckschule-servatiusschule.de\/wp-content\/uploads\/2017\/01\/schnne2-768x484.gif 768w\" sizes=\"auto, (max-width: 300px) 100vw, 300px\" \/><\/a><\/p>\n","protected":false},"excerpt":{"rendered":"<p>Herrliches Winterwetter herrscht seit einigen Tagen in unserer Gegend, verlockend zum Rausgehen in warmer Kleidung. Das Kollegium der Servatiusschule hatte die Idee, den Schulkindern auch ein solches Erlebnis zu verschaffen, und so wurde kurzfristig ein halber Schneewandertag eingerichtet. Mit Sack und Pack, sprich Schlitten und anderem Rodelger\u00e4t, gingen die Kinder und Lehrerinnen zur Wiese bei [&hellip;]<\/p>\n","protected":false},"author":2,"featured_media":0,"comment_status":"closed","ping_status":"open","sticky":false,"template":"","format":"standard","meta":{"footnotes":""},"categories":[1],"tags":[],"class_list":["post-574","post","type-post","status-publish","format-standard","hentry","category-allgemein"],"_links":{"self":[{"href":"https:\/\/www.bismarckschule-servatiusschule.de\/index.php\/wp-json\/wp\/v2\/posts\/574","targetHints":{"allow":["GET"]}}],"collection":[{"href":"https:\/\/www.bismarckschule-servatiusschule.de\/index.php\/wp-json\/wp\/v2\/posts"}],"about":[{"href":"https:\/\/www.bismarckschule-servatiusschule.de\/index.php\/wp-json\/wp\/v2\/types\/post"}],"author":[{"embeddable":true,"href":"https:\/\/www.bismarckschule-servatiusschule.de\/index.php\/wp-json\/wp\/v2\/users\/2"}],"replies":[{"embeddable":true,"href":"https:\/\/www.bismarckschule-servatiusschule.de\/index.php\/wp-json\/wp\/v2\/comments?post=574"}],"version-history":[{"count":1,"href":"https:\/\/www.bismarckschule-servatiusschule.de\/index.php\/wp-json\/wp\/v2\/posts\/574\/revisions"}],"predecessor-version":[{"id":578,"href":"https:\/\/www.bismarckschule-servatiusschule.de\/index.php\/wp-json\/wp\/v2\/posts\/574\/revisions\/578"}],"wp:attachment":[{"href":"https:\/\/www.bismarckschule-servatiusschule.de\/index.php\/wp-json\/wp\/v2\/media?parent=574"}],"wp:term":[{"taxonomy":"category","embeddable":true,"href":"https:\/\/www.bismarckschule-servatiusschule.de\/index.php\/wp-json\/wp\/v2\/categories?post=574"},{"taxonomy":"post_tag","embeddable":true,"href":"https:\/\/www.bismarckschule-servatiusschule.de\/index.php\/wp-json\/wp\/v2\/tags?post=574"}],"curies":[{"name":"wp","href":"https:\/\/api.w.org\/{rel}","templated":true}]}}