{"id":688,"date":"2018-05-04T10:33:59","date_gmt":"2018-05-04T08:33:59","guid":{"rendered":"https:\/\/www.bismarckschule-servatiusschule.de\/?p=688"},"modified":"2018-05-04T10:33:59","modified_gmt":"2018-05-04T08:33:59","slug":"neue-t-shirts-fuer-unsere-schule","status":"publish","type":"post","link":"https:\/\/www.bismarckschule-servatiusschule.de\/index.php\/2018\/05\/04\/neue-t-shirts-fuer-unsere-schule\/","title":{"rendered":"Neue T-Shirts f\u00fcr unsere Schule"},"content":{"rendered":"<p>Der F\u00f6rderkreis hat ein neues T-Shirt f\u00fcr unsere beiden Schulstandorte entworfen. Dabei wurde er von unseren Schulkindern tatkr\u00e4ftig unterst\u00fctzt. In einer gro\u00dfen Abstimmung haben die Kinder sich f\u00fcr einen Aufdruck entschieden (siehe Foto). Das T-Shirt ist nicht nur f\u00fcr Kinder, sondern auch f\u00fcr Erwachsene zu haben. Die genauen Kosten stehen zwar noch nicht fest, werden aber 20 Euro nicht \u00fcbersteigen. Bei Interesse melden Sie sich bitte beim F\u00f6rderkreis der Bismarckschule, der Servatiusschule oder bei den Schulstandorten selbst.<\/p>\n<p><a href=\"https:\/\/www.bismarckschule-servatiusschule.de\/wp-content\/uploads\/2018\/05\/WP_20180430_08_51_15_Rich.jpg\"><img loading=\"lazy\" decoding=\"async\" class=\"alignnone wp-image-689 size-medium\" src=\"https:\/\/www.bismarckschule-servatiusschule.de\/wp-content\/uploads\/2018\/05\/WP_20180430_08_51_15_Rich-e1525422793632-169x300.jpg\" alt=\"\" width=\"169\" height=\"300\" srcset=\"https:\/\/www.bismarckschule-servatiusschule.de\/wp-content\/uploads\/2018\/05\/WP_20180430_08_51_15_Rich-e1525422793632-169x300.jpg 169w, https:\/\/www.bismarckschule-servatiusschule.de\/wp-content\/uploads\/2018\/05\/WP_20180430_08_51_15_Rich-e1525422793632-575x1024.jpg 575w, https:\/\/www.bismarckschule-servatiusschule.de\/wp-content\/uploads\/2018\/05\/WP_20180430_08_51_15_Rich-e1525422793632.jpg 600w\" sizes=\"auto, (max-width: 169px) 100vw, 169px\" \/><\/a><\/p>\n","protected":false},"excerpt":{"rendered":"<p>Der F\u00f6rderkreis hat ein neues T-Shirt f\u00fcr unsere beiden Schulstandorte entworfen. Dabei wurde er von unseren Schulkindern tatkr\u00e4ftig unterst\u00fctzt. In einer gro\u00dfen Abstimmung haben die Kinder sich f\u00fcr einen Aufdruck entschieden (siehe Foto). Das T-Shirt ist nicht nur f\u00fcr Kinder, sondern auch f\u00fcr Erwachsene zu haben. Die genauen Kosten stehen zwar noch nicht fest, werden [&hellip;]<\/p>\n","protected":false},"author":3,"featured_media":0,"comment_status":"closed","ping_status":"open","sticky":false,"template":"","format":"standard","meta":{"footnotes":""},"categories":[1],"tags":[],"class_list":["post-688","post","type-post","status-publish","format-standard","hentry","category-allgemein"],"_links":{"self":[{"href":"https:\/\/www.bismarckschule-servatiusschule.de\/index.php\/wp-json\/wp\/v2\/posts\/688","targetHints":{"allow":["GET"]}}],"collection":[{"href":"https:\/\/www.bismarckschule-servatiusschule.de\/index.php\/wp-json\/wp\/v2\/posts"}],"about":[{"href":"https:\/\/www.bismarckschule-servatiusschule.de\/index.php\/wp-json\/wp\/v2\/types\/post"}],"author":[{"embeddable":true,"href":"https:\/\/www.bismarckschule-servatiusschule.de\/index.php\/wp-json\/wp\/v2\/users\/3"}],"replies":[{"embeddable":true,"href":"https:\/\/www.bismarckschule-servatiusschule.de\/index.php\/wp-json\/wp\/v2\/comments?post=688"}],"version-history":[{"count":1,"href":"https:\/\/www.bismarckschule-servatiusschule.de\/index.php\/wp-json\/wp\/v2\/posts\/688\/revisions"}],"predecessor-version":[{"id":690,"href":"https:\/\/www.bismarckschule-servatiusschule.de\/index.php\/wp-json\/wp\/v2\/posts\/688\/revisions\/690"}],"wp:attachment":[{"href":"https:\/\/www.bismarckschule-servatiusschule.de\/index.php\/wp-json\/wp\/v2\/media?parent=688"}],"wp:term":[{"taxonomy":"category","embeddable":true,"href":"https:\/\/www.bismarckschule-servatiusschule.de\/index.php\/wp-json\/wp\/v2\/categories?post=688"},{"taxonomy":"post_tag","embeddable":true,"href":"https:\/\/www.bismarckschule-servatiusschule.de\/index.php\/wp-json\/wp\/v2\/tags?post=688"}],"curies":[{"name":"wp","href":"https:\/\/api.w.org\/{rel}","templated":true}]}}